{"id":11540,"date":"2025-11-10T06:13:39","date_gmt":"2025-11-10T05:13:39","guid":{"rendered":"https:\/\/rvh-synergie.org\/actualites\/syndrome-de-fatigue-chronique-lie-a-des-taux-eleves-de-schemas-respiratoires-dysfonctionnels\/"},"modified":"2025-11-10T06:13:39","modified_gmt":"2025-11-10T05:13:39","slug":"syndrome-de-fatigue-chronique-lie-a-des-taux-eleves-de-schemas-respiratoires-dysfonctionnels","status":"publish","type":"post","link":"https:\/\/rvh-synergie.org\/actualites\/syndrome-de-fatigue-chronique-lie-a-des-taux-eleves-de-schemas-respiratoires-dysfonctionnels\/","title":{"rendered":"Syndrome de fatigue chronique li\u00e9 \u00e0 des taux \u00e9lev\u00e9s de sch\u00e9mas respiratoires dysfonctionnels"},"content":{"rendered":"<div>\n<div class=\"article-gallery lightGallery\">\n<div data-thumb=\"https:\/\/scx1.b-cdn.net\/csz\/news\/tmb\/2025\/fatigue.jpg\" data-src=\"https:\/\/scx2.b-cdn.net\/gfx\/news\/hires\/2025\/fatigue.jpg\" data-sub-html=\"Credit: Unsplash\/CC0 Public Domain\">\n<figure class=\"article-img\">\n<\/figure><\/div>\n<\/div>\n<p>Le syndrome de fatigue chronique laisse les patients \u00e9puis\u00e9s et aux prises avec un brouillard c\u00e9r\u00e9bral \u2013 et il s&rsquo;aggrave g\u00e9n\u00e9ralement apr\u00e8s un exercice mental ou physique, un ph\u00e9nom\u00e8ne appel\u00e9 malaise post-effort.<\/p>\n<p>Aujourd\u2019hui, des scientifiques \u00e9tudiant l\u2019essoufflement chez les patients souffrant de fatigue chronique ont d\u00e9couvert qu\u2019ils sont tr\u00e8s susceptibles de souffrir d\u2019un dysfonctionnement respiratoire, qui pourrait \u00eatre caus\u00e9 par une dysautonomie, un contr\u00f4le anormal de l\u2019innervation des vaisseaux sanguins et des muscles. Cibler les traitements sur ces probl\u00e8mes respiratoires pourrait potentiellement offrir aux patients un certain soulagement de leurs sympt\u00f4mes.<\/p>\n<p>\u00ab\u00a0Pr\u00e8s de la moiti\u00e9 de nos sujets souffrant de fatigue chronique souffraient de troubles respiratoires, un probl\u00e8me totalement m\u00e9connu, probablement impliqu\u00e9 dans l&rsquo;aggravation des sympt\u00f4mes\u00a0\u00bb, a d\u00e9clar\u00e9 le Dr Benjamin Natelson de la Icahn School of Medicine, auteur principal de l&rsquo;article dans <i>Fronti\u00e8res de la m\u00e9decine<\/i>.<\/p>\n<p>\u00ab\u00a0L&rsquo;identification de ces anomalies conduira les chercheurs \u00e0 \u00e9laborer de nouvelles strat\u00e9gies pour les traiter, dans le but ultime de r\u00e9duire les sympt\u00f4mes.\u00a0\u00bb<\/p>\n<h2>Respirez doucement<\/h2>\n<p>Les scientifiques ont recrut\u00e9 57 patients diagnostiqu\u00e9s avec le syndrome de fatigue chronique et 25 participants t\u00e9moins dont l&rsquo;\u00e2ge et le niveau d&rsquo;activit\u00e9 correspondaient \u00e0 la cohorte de fatigue chronique. Les deux groupes ont particip\u00e9 \u00e0 des tests d\u2019effort cardio-pulmonaire sur deux jours.<\/p>\n<p>Les scientifiques ont mesur\u00e9 leur fr\u00e9quence cardiaque et leur tension art\u00e9rielle, l\u2019efficacit\u00e9 avec laquelle ils absorbaient de l\u2019oxyg\u00e8ne, la saturation en oxyg\u00e8ne de leur sang et la difficult\u00e9 avec laquelle ils respiraient pour obtenir suffisamment d\u2019oxyg\u00e8ne. Ils ont \u00e9galement suivi la vitesse \u00e0 laquelle les participants respiraient et les sch\u00e9mas de leur respiration, afin d&rsquo;identifier l&rsquo;hyperventilation et la respiration dysfonctionnelle.<\/p>\n<p>Une respiration dysfonctionnelle est g\u00e9n\u00e9ralement associ\u00e9e aux patients asthmatiques, mais elle peut provenir de nombreuses causes diff\u00e9rentes. Les caract\u00e9ristiques incluent des soupirs profonds au cours de la respiration ordinaire, une respiration trop rapide, une expiration forc\u00e9e par l&rsquo;abdomen, une respiration par la poitrine sans utiliser le diaphragme, de sorte que les poumons ne sont jamais correctement remplis, et une perte de synchronisme entre la poitrine et l&rsquo;abdomen, de sorte que les diff\u00e9rents muscles qui aident \u00e0 la respiration ne travaillent pas ensemble.<\/p>\n<p>\u00ab\u00a0Bien que nous connaissions les sympt\u00f4mes g\u00e9n\u00e9r\u00e9s par l&rsquo;hyperventilation, nous ne savons toujours pas quels sympt\u00f4mes pourraient \u00eatre aggrav\u00e9s par un dysfonctionnement respiratoire\u00a0\u00bb, a d\u00e9clar\u00e9 le Dr Donna Mancini de l&rsquo;\u00c9cole de m\u00e9decine Icahn, premier auteur de l&rsquo;article. \u00ab\u00a0Mais nous sommes s\u00fbrs que les patients peuvent avoir une respiration dysfonctionnelle sans s&rsquo;en rendre compte. Une respiration dysfonctionnelle peut survenir au repos.\u00a0\u00bb<\/p>\n<h2>Reprendre son souffle<\/h2>\n<p>Les scientifiques ont d\u00e9couvert que les participants souffrant de fatigue chronique absorbaient \u00e0 peu pr\u00e8s la m\u00eame quantit\u00e9 d\u2019oxyg\u00e8ne lorsqu\u2019ils respiraient que les participants t\u00e9moins \u2013 leurs pics de VO2 maximum \u00e9taient comparables. Cependant, 71 % des participants souffrant de fatigue chronique ont \u00e9prouv\u00e9 des probl\u00e8mes respiratoires, soit une hyperventilation, une respiration dysfonctionnelle, ou les deux.<\/p>\n<p>Pr\u00e8s de la moiti\u00e9 des participants souffrant de fatigue chronique ont \u00e9t\u00e9 observ\u00e9s respirant de mani\u00e8re irr\u00e9guli\u00e8re pendant le test, contre seulement quatre des participants t\u00e9moins.<\/p>\n<p>Un tiers des patients atteints de fatigue chronique souffraient d&rsquo;hyperventilation, contre un seul participant t\u00e9moin. Neuf patients souffrant de fatigue chronique pr\u00e9sentaient une respiration dysfonctionnelle ainsi qu&rsquo;une hyperventilation. Aucun des participants t\u00e9moins n\u2019a pr\u00e9sent\u00e9 cette combinaison de probl\u00e8mes respiratoires.<\/p>\n<p>Une respiration dysfonctionnelle et une hyperventilation peuvent provoquer des sympt\u00f4mes similaires \u00e0 la fatigue chronique, comme des \u00e9tourdissements, des difficult\u00e9s de concentration, un essoufflement et un \u00e9puisement. La combinaison des deux peut \u00e9galement provoquer des palpitations cardiaques, des douleurs thoraciques, de la fatigue et (sans surprise) de l\u2019anxi\u00e9t\u00e9.<\/p>\n<p>Ces probl\u00e8mes respiratoires, sugg\u00e8rent les scientifiques, pourraient exacerber les sympt\u00f4mes de fatigue chronique ou m\u00eame contribuer directement au malaise post-effort.<\/p>\n<p>\u00ab\u00a0Il est possible que la dysautonomie d\u00e9clenche une respiration plus rapide et irr\u00e9guli\u00e8re\u00a0\u00bb, a d\u00e9clar\u00e9 Mancini. \u00ab\u00a0Il est bien connu que les patients atteints du syndrome de fatigue chronique souffrent souvent de dysautonomie sous forme d&rsquo;intol\u00e9rance orthostatique, ce qui signifie qu&rsquo;ils se sentent moins bien lorsqu&rsquo;ils sont debout et ne bougent pas. Cela augmente la fr\u00e9quence cardiaque et conduit \u00e0 une hyperventilation.\u00a0\u00bb<\/p>\n<h2>Physioth\u00e9rapie pulmonaire ?<\/h2>\n<p>Cela pourrait signifier que la lutte contre les dysfonctions respiratoires soulagerait les sympt\u00f4mes de certains patients. Les scientifiques ont l\u2019intention de poursuivre ces recherches pour en savoir plus sur la fa\u00e7on dont la respiration dysfonctionnelle et l\u2019hyperventilation interagissent. Bien que des recherches suppl\u00e9mentaires soient n\u00e9cessaires avant de pouvoir d\u00e9ployer des traitements, ils ont d\u00e9j\u00e0 des id\u00e9es de th\u00e9rapies possibles qui pourraient am\u00e9liorer la fonction respiratoire.<\/p>\n<p>\u00ab\u00a0Des exercices de respiration via le yoga pourraient potentiellement aider, ou un conditionnement physique doux o\u00f9 le contr\u00f4le de la respiration est important, comme pour la natation\u00a0\u00bb, a sugg\u00e9r\u00e9 Natelson.<\/p>\n<p>\u00ab\u00a0Ou le biofeedback, avec \u00e9valuation de la respiration tout en encourageant une respiration douce et continue. Si un patient est en hyperventilation, cela peut \u00eatre constat\u00e9 par un appareil qui mesure le CO expir\u00e9.<sub>2<\/sub>. Si cette valeur est faible, le patient peut alors essayer de r\u00e9duire la profondeur de sa respiration pour l&rsquo;\u00e9lever \u00e0 des valeurs plus normales. \u00bb<\/p>\n<p>                                        <!-- print only --><\/p><\/div>\n","protected":false},"excerpt":{"rendered":"<p>Le syndrome de fatigue chronique laisse les patients \u00e9puis\u00e9s et aux prises avec un brouillard<\/p>\n","protected":false},"author":1,"featured_media":10323,"comment_status":"closed","ping_status":"","sticky":false,"template":"","format":"standard","meta":{"footnotes":""},"categories":[86],"tags":[250,16,7605,1374,784,954,43,4393,283,290],"class_list":["post-11540","post","type-post","status-publish","format-standard","has-post-thumbnail","hentry","category-les-maladies","tag-chronique","tag-des","tag-dysfonctionnels","tag-eleves","tag-fatigue","tag-lie","tag-respiratoires","tag-schemas","tag-syndrome","tag-taux","generate-columns","tablet-grid-50","mobile-grid-100","grid-parent","grid-50","resize-featured-image"],"yoast_head":"<!-- This site is optimized with the Yoast SEO plugin v23.4 - https:\/\/yoast.com\/wordpress\/plugins\/seo\/ -->\n<title>Syndrome de fatigue chronique li\u00e9 \u00e0 des taux \u00e9lev\u00e9s de sch\u00e9mas respiratoires dysfonctionnels - RVH-Synergie.org<\/title>\n<meta name=\"robots\" content=\"index, follow, max-snippet:-1, max-image-preview:large, max-video-preview:-1\" \/>\n<link rel=\"canonical\" href=\"https:\/\/rvh-synergie.org\/actualites\/syndrome-de-fatigue-chronique-lie-a-des-taux-eleves-de-schemas-respiratoires-dysfonctionnels\/\" \/>\n<meta property=\"og:locale\" content=\"fr_FR\" \/>\n<meta property=\"og:type\" content=\"article\" \/>\n<meta property=\"og:title\" content=\"Syndrome de fatigue chronique li\u00e9 \u00e0 des taux \u00e9lev\u00e9s de sch\u00e9mas respiratoires dysfonctionnels - RVH-Synergie.org\" \/>\n<meta property=\"og:description\" content=\"Le syndrome de fatigue chronique laisse les patients \u00e9puis\u00e9s et aux prises avec un brouillard\" \/>\n<meta property=\"og:url\" content=\"https:\/\/rvh-synergie.org\/actualites\/syndrome-de-fatigue-chronique-lie-a-des-taux-eleves-de-schemas-respiratoires-dysfonctionnels\/\" \/>\n<meta property=\"og:site_name\" content=\"RVH-Synergie\" \/>\n<meta property=\"article:published_time\" content=\"2025-11-10T05:13:39+00:00\" \/>\n<meta property=\"og:image\" content=\"https:\/\/rvh-synergie.org\/actualites\/wp-content\/uploads\/2025\/10\/1759764989_Quest-ce-que-le-lupus-la-condition-avec-Selena-Gomez-avec-scaled.jpg\" \/>\n\t<meta property=\"og:image:width\" content=\"2560\" \/>\n\t<meta property=\"og:image:height\" content=\"1684\" \/>\n\t<meta property=\"og:image:type\" content=\"image\/jpeg\" \/>\n<meta name=\"author\" content=\"Charles Martinez\" \/>\n<meta name=\"twitter:card\" content=\"summary_large_image\" \/>\n<meta name=\"twitter:label1\" content=\"\u00c9crit par\" \/>\n\t<meta name=\"twitter:data1\" content=\"Charles Martinez\" \/>\n\t<meta name=\"twitter:label2\" content=\"Dur\u00e9e de lecture estim\u00e9e\" \/>\n\t<meta name=\"twitter:data2\" content=\"5 minutes\" \/>\n<script type=\"application\/ld+json\" class=\"yoast-schema-graph\">{\"@context\":\"https:\/\/schema.org\",\"@graph\":[{\"@type\":\"Article\",\"@id\":\"https:\/\/rvh-synergie.org\/actualites\/syndrome-de-fatigue-chronique-lie-a-des-taux-eleves-de-schemas-respiratoires-dysfonctionnels\/#article\",\"isPartOf\":{\"@id\":\"https:\/\/rvh-synergie.org\/actualites\/syndrome-de-fatigue-chronique-lie-a-des-taux-eleves-de-schemas-respiratoires-dysfonctionnels\/\"},\"author\":{\"name\":\"Charles Martinez\",\"@id\":\"https:\/\/rvh-synergie.org\/actualites\/#\/schema\/person\/aa5ea98671fb4e8620f488a0795d2560\"},\"headline\":\"Syndrome de fatigue chronique li\u00e9 \u00e0 des taux \u00e9lev\u00e9s de sch\u00e9mas respiratoires dysfonctionnels\",\"datePublished\":\"2025-11-10T05:13:39+00:00\",\"dateModified\":\"2025-11-10T05:13:39+00:00\",\"mainEntityOfPage\":{\"@id\":\"https:\/\/rvh-synergie.org\/actualites\/syndrome-de-fatigue-chronique-lie-a-des-taux-eleves-de-schemas-respiratoires-dysfonctionnels\/\"},\"wordCount\":941,\"publisher\":{\"@id\":\"https:\/\/rvh-synergie.org\/actualites\/#organization\"},\"image\":{\"@id\":\"https:\/\/rvh-synergie.org\/actualites\/syndrome-de-fatigue-chronique-lie-a-des-taux-eleves-de-schemas-respiratoires-dysfonctionnels\/#primaryimage\"},\"thumbnailUrl\":\"https:\/\/rvh-synergie.org\/actualites\/wp-content\/uploads\/2025\/10\/1759764989_Quest-ce-que-le-lupus-la-condition-avec-Selena-Gomez-avec-scaled.jpg\",\"keywords\":[\"chronique\",\"des\",\"dysfonctionnels\",\"\u00e9lev\u00e9s\",\"fatigu\u00e9\",\"li\u00e9\",\"respiratoires\",\"sch\u00e9mas\",\"syndrome\",\"taux\"],\"articleSection\":[\"Les maladies\"],\"inLanguage\":\"fr-FR\"},{\"@type\":\"WebPage\",\"@id\":\"https:\/\/rvh-synergie.org\/actualites\/syndrome-de-fatigue-chronique-lie-a-des-taux-eleves-de-schemas-respiratoires-dysfonctionnels\/\",\"url\":\"https:\/\/rvh-synergie.org\/actualites\/syndrome-de-fatigue-chronique-lie-a-des-taux-eleves-de-schemas-respiratoires-dysfonctionnels\/\",\"name\":\"Syndrome de fatigue chronique li\u00e9 \u00e0 des taux \u00e9lev\u00e9s de sch\u00e9mas respiratoires dysfonctionnels - RVH-Synergie.org\",\"isPartOf\":{\"@id\":\"https:\/\/rvh-synergie.org\/actualites\/#website\"},\"primaryImageOfPage\":{\"@id\":\"https:\/\/rvh-synergie.org\/actualites\/syndrome-de-fatigue-chronique-lie-a-des-taux-eleves-de-schemas-respiratoires-dysfonctionnels\/#primaryimage\"},\"image\":{\"@id\":\"https:\/\/rvh-synergie.org\/actualites\/syndrome-de-fatigue-chronique-lie-a-des-taux-eleves-de-schemas-respiratoires-dysfonctionnels\/#primaryimage\"},\"thumbnailUrl\":\"https:\/\/rvh-synergie.org\/actualites\/wp-content\/uploads\/2025\/10\/1759764989_Quest-ce-que-le-lupus-la-condition-avec-Selena-Gomez-avec-scaled.jpg\",\"datePublished\":\"2025-11-10T05:13:39+00:00\",\"dateModified\":\"2025-11-10T05:13:39+00:00\",\"breadcrumb\":{\"@id\":\"https:\/\/rvh-synergie.org\/actualites\/syndrome-de-fatigue-chronique-lie-a-des-taux-eleves-de-schemas-respiratoires-dysfonctionnels\/#breadcrumb\"},\"inLanguage\":\"fr-FR\",\"potentialAction\":[{\"@type\":\"ReadAction\",\"target\":[\"https:\/\/rvh-synergie.org\/actualites\/syndrome-de-fatigue-chronique-lie-a-des-taux-eleves-de-schemas-respiratoires-dysfonctionnels\/\"]}]},{\"@type\":\"ImageObject\",\"inLanguage\":\"fr-FR\",\"@id\":\"https:\/\/rvh-synergie.org\/actualites\/syndrome-de-fatigue-chronique-lie-a-des-taux-eleves-de-schemas-respiratoires-dysfonctionnels\/#primaryimage\",\"url\":\"https:\/\/rvh-synergie.org\/actualites\/wp-content\/uploads\/2025\/10\/1759764989_Quest-ce-que-le-lupus-la-condition-avec-Selena-Gomez-avec-scaled.jpg\",\"contentUrl\":\"https:\/\/rvh-synergie.org\/actualites\/wp-content\/uploads\/2025\/10\/1759764989_Quest-ce-que-le-lupus-la-condition-avec-Selena-Gomez-avec-scaled.jpg\",\"width\":2560,\"height\":1684,\"caption\":\"Qu'est-ce que le lupus, la condition avec Selena Gomez avec diagnostic?\"},{\"@type\":\"BreadcrumbList\",\"@id\":\"https:\/\/rvh-synergie.org\/actualites\/syndrome-de-fatigue-chronique-lie-a-des-taux-eleves-de-schemas-respiratoires-dysfonctionnels\/#breadcrumb\",\"itemListElement\":[{\"@type\":\"ListItem\",\"position\":1,\"name\":\"Accueil\",\"item\":\"https:\/\/rvh-synergie.org\/actualites\/\"},{\"@type\":\"ListItem\",\"position\":2,\"name\":\"Syndrome de fatigue chronique li\u00e9 \u00e0 des taux \u00e9lev\u00e9s de sch\u00e9mas respiratoires dysfonctionnels\"}]},{\"@type\":\"WebSite\",\"@id\":\"https:\/\/rvh-synergie.org\/actualites\/#website\",\"url\":\"https:\/\/rvh-synergie.org\/actualites\/\",\"name\":\"RVH-Synergie.org\",\"description\":\"RVH-Synergie, site ind\u00e9pendant d&#039;informations sur la prise en charge des addictions.\",\"publisher\":{\"@id\":\"https:\/\/rvh-synergie.org\/actualites\/#organization\"},\"potentialAction\":[{\"@type\":\"SearchAction\",\"target\":{\"@type\":\"EntryPoint\",\"urlTemplate\":\"https:\/\/rvh-synergie.org\/actualites\/?s={search_term_string}\"},\"query-input\":{\"@type\":\"PropertyValueSpecification\",\"valueRequired\":true,\"valueName\":\"search_term_string\"}}],\"inLanguage\":\"fr-FR\"},{\"@type\":\"Organization\",\"@id\":\"https:\/\/rvh-synergie.org\/actualites\/#organization\",\"name\":\"RVH-Synergie.org\",\"url\":\"https:\/\/rvh-synergie.org\/actualites\/\",\"logo\":{\"@type\":\"ImageObject\",\"inLanguage\":\"fr-FR\",\"@id\":\"https:\/\/rvh-synergie.org\/actualites\/#\/schema\/logo\/image\/\",\"url\":\"https:\/\/rvh-synergie.org\/actualites\/wp-content\/uploads\/2024\/09\/favicon.png\",\"contentUrl\":\"https:\/\/rvh-synergie.org\/actualites\/wp-content\/uploads\/2024\/09\/favicon.png\",\"width\":512,\"height\":512,\"caption\":\"RVH-Synergie.org\"},\"image\":{\"@id\":\"https:\/\/rvh-synergie.org\/actualites\/#\/schema\/logo\/image\/\"}},{\"@type\":\"Person\",\"@id\":\"https:\/\/rvh-synergie.org\/actualites\/#\/schema\/person\/aa5ea98671fb4e8620f488a0795d2560\",\"name\":\"Charles Martinez\",\"image\":{\"@type\":\"ImageObject\",\"inLanguage\":\"fr-FR\",\"@id\":\"https:\/\/rvh-synergie.org\/actualites\/#\/schema\/person\/image\/\",\"url\":\"https:\/\/rvh-synergie.org\/actualites\/wp-content\/uploads\/2024\/09\/charles-martinez-scaled.jpg\",\"contentUrl\":\"https:\/\/rvh-synergie.org\/actualites\/wp-content\/uploads\/2024\/09\/charles-martinez-scaled.jpg\",\"caption\":\"Charles Martinez\"},\"description\":\"Bonjour, je m'appelle Charles Martinez, r\u00e9dacteur passionn\u00e9 pour le m\u00e9dia RVH-synergie.org, d\u00e9di\u00e9 aux addictions et aux maladies. Depuis plus de dix ans, j'explore et rapporte les histoires poignantes des individus confront\u00e9s \u00e0 ces d\u00e9fis, tout en sensibilisant le public aux traitements novateurs et aux progr\u00e8s scientifiques dans ce domaine. Mon engagement r\u00e9side dans l'espoir de cr\u00e9er une communaut\u00e9 inform\u00e9e et empathique, pr\u00eate \u00e0 soutenir ceux qui luttent contre ces \u00e9preuves.\",\"sameAs\":[\"https:\/\/rvh-synergie.org\/\"]}]}<\/script>\n<!-- \/ Yoast SEO plugin. -->","yoast_head_json":{"title":"Syndrome de fatigue chronique li\u00e9 \u00e0 des taux \u00e9lev\u00e9s de sch\u00e9mas respiratoires dysfonctionnels - RVH-Synergie.org","robots":{"index":"index","follow":"follow","max-snippet":"max-snippet:-1","max-image-preview":"max-image-preview:large","max-video-preview":"max-video-preview:-1"},"canonical":"https:\/\/rvh-synergie.org\/actualites\/syndrome-de-fatigue-chronique-lie-a-des-taux-eleves-de-schemas-respiratoires-dysfonctionnels\/","og_locale":"fr_FR","og_type":"article","og_title":"Syndrome de fatigue chronique li\u00e9 \u00e0 des taux \u00e9lev\u00e9s de sch\u00e9mas respiratoires dysfonctionnels - RVH-Synergie.org","og_description":"Le syndrome de fatigue chronique laisse les patients \u00e9puis\u00e9s et aux prises avec un brouillard","og_url":"https:\/\/rvh-synergie.org\/actualites\/syndrome-de-fatigue-chronique-lie-a-des-taux-eleves-de-schemas-respiratoires-dysfonctionnels\/","og_site_name":"RVH-Synergie","article_published_time":"2025-11-10T05:13:39+00:00","og_image":[{"width":2560,"height":1684,"url":"https:\/\/rvh-synergie.org\/actualites\/wp-content\/uploads\/2025\/10\/1759764989_Quest-ce-que-le-lupus-la-condition-avec-Selena-Gomez-avec-scaled.jpg","type":"image\/jpeg"}],"author":"Charles Martinez","twitter_card":"summary_large_image","twitter_misc":{"\u00c9crit par":"Charles Martinez","Dur\u00e9e de lecture estim\u00e9e":"5 minutes"},"schema":{"@context":"https:\/\/schema.org","@graph":[{"@type":"Article","@id":"https:\/\/rvh-synergie.org\/actualites\/syndrome-de-fatigue-chronique-lie-a-des-taux-eleves-de-schemas-respiratoires-dysfonctionnels\/#article","isPartOf":{"@id":"https:\/\/rvh-synergie.org\/actualites\/syndrome-de-fatigue-chronique-lie-a-des-taux-eleves-de-schemas-respiratoires-dysfonctionnels\/"},"author":{"name":"Charles Martinez","@id":"https:\/\/rvh-synergie.org\/actualites\/#\/schema\/person\/aa5ea98671fb4e8620f488a0795d2560"},"headline":"Syndrome de fatigue chronique li\u00e9 \u00e0 des taux \u00e9lev\u00e9s de sch\u00e9mas respiratoires dysfonctionnels","datePublished":"2025-11-10T05:13:39+00:00","dateModified":"2025-11-10T05:13:39+00:00","mainEntityOfPage":{"@id":"https:\/\/rvh-synergie.org\/actualites\/syndrome-de-fatigue-chronique-lie-a-des-taux-eleves-de-schemas-respiratoires-dysfonctionnels\/"},"wordCount":941,"publisher":{"@id":"https:\/\/rvh-synergie.org\/actualites\/#organization"},"image":{"@id":"https:\/\/rvh-synergie.org\/actualites\/syndrome-de-fatigue-chronique-lie-a-des-taux-eleves-de-schemas-respiratoires-dysfonctionnels\/#primaryimage"},"thumbnailUrl":"https:\/\/rvh-synergie.org\/actualites\/wp-content\/uploads\/2025\/10\/1759764989_Quest-ce-que-le-lupus-la-condition-avec-Selena-Gomez-avec-scaled.jpg","keywords":["chronique","des","dysfonctionnels","\u00e9lev\u00e9s","fatigu\u00e9","li\u00e9","respiratoires","sch\u00e9mas","syndrome","taux"],"articleSection":["Les maladies"],"inLanguage":"fr-FR"},{"@type":"WebPage","@id":"https:\/\/rvh-synergie.org\/actualites\/syndrome-de-fatigue-chronique-lie-a-des-taux-eleves-de-schemas-respiratoires-dysfonctionnels\/","url":"https:\/\/rvh-synergie.org\/actualites\/syndrome-de-fatigue-chronique-lie-a-des-taux-eleves-de-schemas-respiratoires-dysfonctionnels\/","name":"Syndrome de fatigue chronique li\u00e9 \u00e0 des taux \u00e9lev\u00e9s de sch\u00e9mas respiratoires dysfonctionnels - RVH-Synergie.org","isPartOf":{"@id":"https:\/\/rvh-synergie.org\/actualites\/#website"},"primaryImageOfPage":{"@id":"https:\/\/rvh-synergie.org\/actualites\/syndrome-de-fatigue-chronique-lie-a-des-taux-eleves-de-schemas-respiratoires-dysfonctionnels\/#primaryimage"},"image":{"@id":"https:\/\/rvh-synergie.org\/actualites\/syndrome-de-fatigue-chronique-lie-a-des-taux-eleves-de-schemas-respiratoires-dysfonctionnels\/#primaryimage"},"thumbnailUrl":"https:\/\/rvh-synergie.org\/actualites\/wp-content\/uploads\/2025\/10\/1759764989_Quest-ce-que-le-lupus-la-condition-avec-Selena-Gomez-avec-scaled.jpg","datePublished":"2025-11-10T05:13:39+00:00","dateModified":"2025-11-10T05:13:39+00:00","breadcrumb":{"@id":"https:\/\/rvh-synergie.org\/actualites\/syndrome-de-fatigue-chronique-lie-a-des-taux-eleves-de-schemas-respiratoires-dysfonctionnels\/#breadcrumb"},"inLanguage":"fr-FR","potentialAction":[{"@type":"ReadAction","target":["https:\/\/rvh-synergie.org\/actualites\/syndrome-de-fatigue-chronique-lie-a-des-taux-eleves-de-schemas-respiratoires-dysfonctionnels\/"]}]},{"@type":"ImageObject","inLanguage":"fr-FR","@id":"https:\/\/rvh-synergie.org\/actualites\/syndrome-de-fatigue-chronique-lie-a-des-taux-eleves-de-schemas-respiratoires-dysfonctionnels\/#primaryimage","url":"https:\/\/rvh-synergie.org\/actualites\/wp-content\/uploads\/2025\/10\/1759764989_Quest-ce-que-le-lupus-la-condition-avec-Selena-Gomez-avec-scaled.jpg","contentUrl":"https:\/\/rvh-synergie.org\/actualites\/wp-content\/uploads\/2025\/10\/1759764989_Quest-ce-que-le-lupus-la-condition-avec-Selena-Gomez-avec-scaled.jpg","width":2560,"height":1684,"caption":"Qu'est-ce que le lupus, la condition avec Selena Gomez avec diagnostic?"},{"@type":"BreadcrumbList","@id":"https:\/\/rvh-synergie.org\/actualites\/syndrome-de-fatigue-chronique-lie-a-des-taux-eleves-de-schemas-respiratoires-dysfonctionnels\/#breadcrumb","itemListElement":[{"@type":"ListItem","position":1,"name":"Accueil","item":"https:\/\/rvh-synergie.org\/actualites\/"},{"@type":"ListItem","position":2,"name":"Syndrome de fatigue chronique li\u00e9 \u00e0 des taux \u00e9lev\u00e9s de sch\u00e9mas respiratoires dysfonctionnels"}]},{"@type":"WebSite","@id":"https:\/\/rvh-synergie.org\/actualites\/#website","url":"https:\/\/rvh-synergie.org\/actualites\/","name":"RVH-Synergie.org","description":"RVH-Synergie, site ind\u00e9pendant d&#039;informations sur la prise en charge des addictions.","publisher":{"@id":"https:\/\/rvh-synergie.org\/actualites\/#organization"},"potentialAction":[{"@type":"SearchAction","target":{"@type":"EntryPoint","urlTemplate":"https:\/\/rvh-synergie.org\/actualites\/?s={search_term_string}"},"query-input":{"@type":"PropertyValueSpecification","valueRequired":true,"valueName":"search_term_string"}}],"inLanguage":"fr-FR"},{"@type":"Organization","@id":"https:\/\/rvh-synergie.org\/actualites\/#organization","name":"RVH-Synergie.org","url":"https:\/\/rvh-synergie.org\/actualites\/","logo":{"@type":"ImageObject","inLanguage":"fr-FR","@id":"https:\/\/rvh-synergie.org\/actualites\/#\/schema\/logo\/image\/","url":"https:\/\/rvh-synergie.org\/actualites\/wp-content\/uploads\/2024\/09\/favicon.png","contentUrl":"https:\/\/rvh-synergie.org\/actualites\/wp-content\/uploads\/2024\/09\/favicon.png","width":512,"height":512,"caption":"RVH-Synergie.org"},"image":{"@id":"https:\/\/rvh-synergie.org\/actualites\/#\/schema\/logo\/image\/"}},{"@type":"Person","@id":"https:\/\/rvh-synergie.org\/actualites\/#\/schema\/person\/aa5ea98671fb4e8620f488a0795d2560","name":"Charles Martinez","image":{"@type":"ImageObject","inLanguage":"fr-FR","@id":"https:\/\/rvh-synergie.org\/actualites\/#\/schema\/person\/image\/","url":"https:\/\/rvh-synergie.org\/actualites\/wp-content\/uploads\/2024\/09\/charles-martinez-scaled.jpg","contentUrl":"https:\/\/rvh-synergie.org\/actualites\/wp-content\/uploads\/2024\/09\/charles-martinez-scaled.jpg","caption":"Charles Martinez"},"description":"Bonjour, je m'appelle Charles Martinez, r\u00e9dacteur passionn\u00e9 pour le m\u00e9dia RVH-synergie.org, d\u00e9di\u00e9 aux addictions et aux maladies. Depuis plus de dix ans, j'explore et rapporte les histoires poignantes des individus confront\u00e9s \u00e0 ces d\u00e9fis, tout en sensibilisant le public aux traitements novateurs et aux progr\u00e8s scientifiques dans ce domaine. Mon engagement r\u00e9side dans l'espoir de cr\u00e9er une communaut\u00e9 inform\u00e9e et empathique, pr\u00eate \u00e0 soutenir ceux qui luttent contre ces \u00e9preuves.","sameAs":["https:\/\/rvh-synergie.org\/"]}]}},"_links":{"self":[{"href":"https:\/\/rvh-synergie.org\/actualites\/wp-json\/wp\/v2\/posts\/11540","targetHints":{"allow":["GET"]}}],"collection":[{"href":"https:\/\/rvh-synergie.org\/actualites\/wp-json\/wp\/v2\/posts"}],"about":[{"href":"https:\/\/rvh-synergie.org\/actualites\/wp-json\/wp\/v2\/types\/post"}],"author":[{"embeddable":true,"href":"https:\/\/rvh-synergie.org\/actualites\/wp-json\/wp\/v2\/users\/1"}],"replies":[{"embeddable":true,"href":"https:\/\/rvh-synergie.org\/actualites\/wp-json\/wp\/v2\/comments?post=11540"}],"version-history":[{"count":0,"href":"https:\/\/rvh-synergie.org\/actualites\/wp-json\/wp\/v2\/posts\/11540\/revisions"}],"wp:featuredmedia":[{"embeddable":true,"href":"https:\/\/rvh-synergie.org\/actualites\/wp-json\/wp\/v2\/media\/10323"}],"wp:attachment":[{"href":"https:\/\/rvh-synergie.org\/actualites\/wp-json\/wp\/v2\/media?parent=11540"}],"wp:term":[{"taxonomy":"category","embeddable":true,"href":"https:\/\/rvh-synergie.org\/actualites\/wp-json\/wp\/v2\/categories?post=11540"},{"taxonomy":"post_tag","embeddable":true,"href":"https:\/\/rvh-synergie.org\/actualites\/wp-json\/wp\/v2\/tags?post=11540"}],"curies":[{"name":"wp","href":"https:\/\/api.w.org\/{rel}","templated":true}]}}