{"id":11512,"date":"2025-11-08T16:19:22","date_gmt":"2025-11-08T15:19:22","guid":{"rendered":"https:\/\/rvh-synergie.org\/actualites\/est-il-trop-tard-pour-se-faire-vacciner-contre-la-grippe\/"},"modified":"2025-11-08T16:19:33","modified_gmt":"2025-11-08T15:19:33","slug":"est-il-trop-tard-pour-se-faire-vacciner-contre-la-grippe","status":"publish","type":"post","link":"https:\/\/rvh-synergie.org\/actualites\/est-il-trop-tard-pour-se-faire-vacciner-contre-la-grippe\/","title":{"rendered":"Est-il trop tard pour se faire vacciner contre la grippe ?"},"content":{"rendered":"<div>\n<div class=\"article-gallery lightGallery\">\n<div data-thumb=\"https:\/\/scx1.b-cdn.net\/csz\/news\/tmb\/2025\/flu-shot.jpg\" data-src=\"https:\/\/scx2.b-cdn.net\/gfx\/news\/hires\/2025\/flu-shot.jpg\" data-sub-html=\"Credit: FRANK MERI\u00d1O from Pexels\">\n<figure class=\"article-img\">\n<\/figure><\/div>\n<\/div>\n<p>Alors que les campagnes et initiatives de vaccination contre la grippe commencent vers la fin de l\u2019\u00e9t\u00e9, la haute saison de la grippe n\u2019est encore que dans quelques semaines.<\/p>\n<p>Et si vous n\u2019avez pas re\u00e7u votre vaccin contre la grippe cette ann\u00e9e, vous vous demandez peut-\u00eatre s\u2019il n\u2019est pas trop tard.<\/p>\n<p>Voici ce que vous devez savoir.<\/p>\n<h2>Quelle est la haute saison de la grippe ?<\/h2>\n<p>La grippe, caus\u00e9e par le virus de la grippe, peut techniquement se propager toute l&rsquo;ann\u00e9e, mais il y a des p\u00e9riodes o\u00f9 il y a plus de cas et des infections plus graves, selon les Centers for Disease Control and Prevention.<\/p>\n<p>L&rsquo;activit\u00e9 grippale a tendance \u00e0 s&rsquo;intensifier \u00e0 l&rsquo;automne, mais le pic officiel de la \u00ab saison grippale \u00bb s&rsquo;\u00e9tend de d\u00e9cembre \u00e0 f\u00e9vrier, selon le CDC.<\/p>\n<p>Dans les donn\u00e9es de la saison grippale 1982-1983 jusqu\u2019\u00e0 la saison grippale 2023-2024, 18 ann\u00e9es ont connu leur pic au mois de f\u00e9vrier. Une seule ann\u00e9e a culmin\u00e9 en octobre, une ann\u00e9e en novembre, neuf ans en d\u00e9cembre et six ans en janvier.<\/p>\n<p>Apr\u00e8s f\u00e9vrier, six ans ont culmin\u00e9 en mars, un an en avril et aucun pic de grippe n&rsquo;a jamais \u00e9t\u00e9 enregistr\u00e9 entre mai et septembre depuis 1982, selon les donn\u00e9es du CDC.<\/p>\n<p>Bien que chaque ann\u00e9e puisse culminer \u00e0 peu pr\u00e8s au m\u00eame moment, il ne s\u2019agit pas de la m\u00eame version du virus de la grippe chaque ann\u00e9e, ce qui signifie qu\u2019un vaccin contre la grippe re\u00e7u en octobre 2024 pourrait ne pas \u00eatre efficace d\u2019ici octobre 2025.<\/p>\n<p>C&rsquo;est pourquoi les experts de la sant\u00e9 recommandent de se faire vacciner contre la grippe chaque ann\u00e9e pour b\u00e9n\u00e9ficier de la couverture la plus \u00e0 jour.<\/p>\n<h2>Qui devrait se faire vacciner contre la grippe ?<\/h2>\n<p>Le CDC recommande \u00e0 toute personne \u00e2g\u00e9e de plus de 6 mois de se faire vacciner chaque ann\u00e9e contre la grippe.<\/p>\n<p>Se faire vacciner ne garantit pas que vous ne contracterez pas le virus de la grippe, mais cela diminuera consid\u00e9rablement la gravit\u00e9 de l&rsquo;infection, notamment en r\u00e9duisant les sympt\u00f4mes, en \u00e9vitant les d\u00e9placements chez le m\u00e9decin et en raccourcissant les jours n\u00e9cessaires pour s&rsquo;absenter du travail ou de l&rsquo;\u00e9cole, selon le CDC.<\/p>\n<p>Pour les personnes pr\u00e9sentant un risque plus \u00e9lev\u00e9 d\u2019infections respiratoires, le vaccin peut \u00e9galement contribuer \u00e0 \u00e9viter une hospitalisation, voire la mort.<\/p>\n<p>Il existe plusieurs types de vaccins contre la grippe, mais chacun d&rsquo;entre eux est consid\u00e9r\u00e9 comme appropri\u00e9 pour les personnes \u00e2g\u00e9es de 6 mois \u00e0 65 ans, selon le CDC.<\/p>\n<p>Pour les personnes de plus de 65 ans, votre m\u00e9decin peut recommander un vaccin antigrippal inactiv\u00e9 Fluzone High-Dose, un vaccin antigrippal recombinant Flublok ou un vaccin antigrippal inactiv\u00e9 avec adjuvant Fluad.<\/p>\n<p>Les personnes \u00e2g\u00e9es de 6 mois \u00e0 49 ans sont \u00e9galement \u00e9ligibles au vaccin contre la grippe qui est administr\u00e9 par pulv\u00e9risation nasale au lieu d&rsquo;une injection, indique le CDC.<\/p>\n<h2>Quand faut-il se faire vacciner contre la grippe ?<\/h2>\n<p>Les responsables de la sant\u00e9 recommandent de se faire vacciner contre la grippe ou d&rsquo;utiliser un spray nasal au d\u00e9but de la saison grippale, g\u00e9n\u00e9ralement en septembre ou octobre, selon le CDC.<\/p>\n<p>Id\u00e9alement, dit l&rsquo;agence, tout le monde devrait se faire vacciner contre la grippe d&rsquo;ici la fin octobre.<\/p>\n<p>La protection fournie par le vaccin peut diminuer avec le temps, de sorte que les personnes \u00e2g\u00e9es de plus de 65 ans et les personnes enceintes ne devraient pas se faire vacciner trop t\u00f4t afin de rester prot\u00e9g\u00e9es toute la saison, indique le CDC.<\/p>\n<p>Si votre enfant a besoin de plus d&rsquo;une injection, tel que recommand\u00e9 par un fournisseur de soins de sant\u00e9, une injection administr\u00e9e au d\u00e9but de la saison et une deuxi\u00e8me injection quatre semaines plus tard peuvent \u00e9galement \u00eatre appropri\u00e9es.<\/p>\n<h2>Nous sommes d\u00e9j\u00e0 en novembre. Est-il trop tard pour se faire vacciner contre la grippe ?<\/h2>\n<p>Non. Si vous n\u2019avez pas re\u00e7u de vaccin contre la grippe cette saison, il n\u2019est pas trop tard. Le virus continue de circuler toute l\u2019ann\u00e9e et, comme la haute saison n\u2019est pas encore arriv\u00e9e, une injection reste d\u00e9sormais protectrice.<\/p>\n<p>Les pharmacies locales, les \u00e9piceries cliniques, les services de sant\u00e9 et les cabinets de m\u00e9decins proposent d\u00e9sormais des vaccins contre la grippe. Les vaccins contre la grippe sont gratuits dans la plupart des assurances.<\/p>\n<p>                                        <!-- print only --><\/p><\/div>\n","protected":false},"excerpt":{"rendered":"<p>Alors que les campagnes et initiatives de vaccination contre la grippe commencent vers la fin<\/p>\n","protected":false},"author":1,"featured_media":11513,"comment_status":"closed","ping_status":"","sticky":false,"template":"","format":"standard","meta":{"footnotes":""},"categories":[86],"tags":[90,559,93,419,8,628,1486,560],"class_list":["post-11512","post","type-post","status-publish","format-standard","has-post-thumbnail","hentry","category-les-maladies","tag-contre","tag-estil","tag-faire","tag-grippe","tag-pour","tag-tard","tag-trop","tag-vacciner","generate-columns","tablet-grid-50","mobile-grid-100","grid-parent","grid-50","resize-featured-image"],"yoast_head":"<!-- This site is optimized with the Yoast SEO plugin v23.4 - https:\/\/yoast.com\/wordpress\/plugins\/seo\/ -->\n<title>Est-il trop tard pour se faire vacciner contre la grippe ? - RVH-Synergie.org<\/title>\n<meta name=\"robots\" content=\"index, follow, max-snippet:-1, max-image-preview:large, max-video-preview:-1\" \/>\n<link rel=\"canonical\" href=\"https:\/\/rvh-synergie.org\/actualites\/est-il-trop-tard-pour-se-faire-vacciner-contre-la-grippe\/\" \/>\n<meta property=\"og:locale\" content=\"fr_FR\" \/>\n<meta property=\"og:type\" content=\"article\" \/>\n<meta property=\"og:title\" content=\"Est-il trop tard pour se faire vacciner contre la grippe ? - RVH-Synergie.org\" \/>\n<meta property=\"og:description\" content=\"Alors que les campagnes et initiatives de vaccination contre la grippe commencent vers la fin\" \/>\n<meta property=\"og:url\" content=\"https:\/\/rvh-synergie.org\/actualites\/est-il-trop-tard-pour-se-faire-vacciner-contre-la-grippe\/\" \/>\n<meta property=\"og:site_name\" content=\"RVH-Synergie\" \/>\n<meta property=\"article:published_time\" content=\"2025-11-08T15:19:22+00:00\" \/>\n<meta property=\"article:modified_time\" content=\"2025-11-08T15:19:33+00:00\" \/>\n<meta property=\"og:image\" content=\"https:\/\/rvh-synergie.org\/actualites\/wp-content\/uploads\/2025\/11\/1762615163_Est-il-trop-tard-pour-se-faire-vacciner-contre-la-grippe-scaled.jpg\" \/>\n\t<meta property=\"og:image:width\" content=\"2560\" \/>\n\t<meta property=\"og:image:height\" content=\"1707\" \/>\n\t<meta property=\"og:image:type\" content=\"image\/jpeg\" \/>\n<meta name=\"author\" content=\"Charles Martinez\" \/>\n<meta name=\"twitter:card\" content=\"summary_large_image\" \/>\n<meta name=\"twitter:label1\" content=\"\u00c9crit par\" \/>\n\t<meta name=\"twitter:data1\" content=\"Charles Martinez\" \/>\n\t<meta name=\"twitter:label2\" content=\"Dur\u00e9e de lecture estim\u00e9e\" \/>\n\t<meta name=\"twitter:data2\" content=\"4 minutes\" \/>\n<script type=\"application\/ld+json\" class=\"yoast-schema-graph\">{\"@context\":\"https:\/\/schema.org\",\"@graph\":[{\"@type\":\"Article\",\"@id\":\"https:\/\/rvh-synergie.org\/actualites\/est-il-trop-tard-pour-se-faire-vacciner-contre-la-grippe\/#article\",\"isPartOf\":{\"@id\":\"https:\/\/rvh-synergie.org\/actualites\/est-il-trop-tard-pour-se-faire-vacciner-contre-la-grippe\/\"},\"author\":{\"name\":\"Charles Martinez\",\"@id\":\"https:\/\/rvh-synergie.org\/actualites\/#\/schema\/person\/aa5ea98671fb4e8620f488a0795d2560\"},\"headline\":\"Est-il trop tard pour se faire vacciner contre la grippe ?\",\"datePublished\":\"2025-11-08T15:19:22+00:00\",\"dateModified\":\"2025-11-08T15:19:33+00:00\",\"mainEntityOfPage\":{\"@id\":\"https:\/\/rvh-synergie.org\/actualites\/est-il-trop-tard-pour-se-faire-vacciner-contre-la-grippe\/\"},\"wordCount\":778,\"publisher\":{\"@id\":\"https:\/\/rvh-synergie.org\/actualites\/#organization\"},\"image\":{\"@id\":\"https:\/\/rvh-synergie.org\/actualites\/est-il-trop-tard-pour-se-faire-vacciner-contre-la-grippe\/#primaryimage\"},\"thumbnailUrl\":\"https:\/\/rvh-synergie.org\/actualites\/wp-content\/uploads\/2025\/11\/1762615163_Est-il-trop-tard-pour-se-faire-vacciner-contre-la-grippe-scaled.jpg\",\"keywords\":[\"contre\",\"Estil\",\"faire\",\"grippe\",\"pour\",\"tard\",\"trop\",\"vacciner\"],\"articleSection\":[\"Les maladies\"],\"inLanguage\":\"fr-FR\"},{\"@type\":\"WebPage\",\"@id\":\"https:\/\/rvh-synergie.org\/actualites\/est-il-trop-tard-pour-se-faire-vacciner-contre-la-grippe\/\",\"url\":\"https:\/\/rvh-synergie.org\/actualites\/est-il-trop-tard-pour-se-faire-vacciner-contre-la-grippe\/\",\"name\":\"Est-il trop tard pour se faire vacciner contre la grippe ? - RVH-Synergie.org\",\"isPartOf\":{\"@id\":\"https:\/\/rvh-synergie.org\/actualites\/#website\"},\"primaryImageOfPage\":{\"@id\":\"https:\/\/rvh-synergie.org\/actualites\/est-il-trop-tard-pour-se-faire-vacciner-contre-la-grippe\/#primaryimage\"},\"image\":{\"@id\":\"https:\/\/rvh-synergie.org\/actualites\/est-il-trop-tard-pour-se-faire-vacciner-contre-la-grippe\/#primaryimage\"},\"thumbnailUrl\":\"https:\/\/rvh-synergie.org\/actualites\/wp-content\/uploads\/2025\/11\/1762615163_Est-il-trop-tard-pour-se-faire-vacciner-contre-la-grippe-scaled.jpg\",\"datePublished\":\"2025-11-08T15:19:22+00:00\",\"dateModified\":\"2025-11-08T15:19:33+00:00\",\"breadcrumb\":{\"@id\":\"https:\/\/rvh-synergie.org\/actualites\/est-il-trop-tard-pour-se-faire-vacciner-contre-la-grippe\/#breadcrumb\"},\"inLanguage\":\"fr-FR\",\"potentialAction\":[{\"@type\":\"ReadAction\",\"target\":[\"https:\/\/rvh-synergie.org\/actualites\/est-il-trop-tard-pour-se-faire-vacciner-contre-la-grippe\/\"]}]},{\"@type\":\"ImageObject\",\"inLanguage\":\"fr-FR\",\"@id\":\"https:\/\/rvh-synergie.org\/actualites\/est-il-trop-tard-pour-se-faire-vacciner-contre-la-grippe\/#primaryimage\",\"url\":\"https:\/\/rvh-synergie.org\/actualites\/wp-content\/uploads\/2025\/11\/1762615163_Est-il-trop-tard-pour-se-faire-vacciner-contre-la-grippe-scaled.jpg\",\"contentUrl\":\"https:\/\/rvh-synergie.org\/actualites\/wp-content\/uploads\/2025\/11\/1762615163_Est-il-trop-tard-pour-se-faire-vacciner-contre-la-grippe-scaled.jpg\",\"width\":2560,\"height\":1707,\"caption\":\"Est-il trop tard pour se faire vacciner contre la grippe ?\"},{\"@type\":\"BreadcrumbList\",\"@id\":\"https:\/\/rvh-synergie.org\/actualites\/est-il-trop-tard-pour-se-faire-vacciner-contre-la-grippe\/#breadcrumb\",\"itemListElement\":[{\"@type\":\"ListItem\",\"position\":1,\"name\":\"Accueil\",\"item\":\"https:\/\/rvh-synergie.org\/actualites\/\"},{\"@type\":\"ListItem\",\"position\":2,\"name\":\"Est-il trop tard pour se faire vacciner contre la grippe ?\"}]},{\"@type\":\"WebSite\",\"@id\":\"https:\/\/rvh-synergie.org\/actualites\/#website\",\"url\":\"https:\/\/rvh-synergie.org\/actualites\/\",\"name\":\"RVH-Synergie.org\",\"description\":\"RVH-Synergie, site ind\u00e9pendant d&#039;informations sur la prise en charge des addictions.\",\"publisher\":{\"@id\":\"https:\/\/rvh-synergie.org\/actualites\/#organization\"},\"potentialAction\":[{\"@type\":\"SearchAction\",\"target\":{\"@type\":\"EntryPoint\",\"urlTemplate\":\"https:\/\/rvh-synergie.org\/actualites\/?s={search_term_string}\"},\"query-input\":{\"@type\":\"PropertyValueSpecification\",\"valueRequired\":true,\"valueName\":\"search_term_string\"}}],\"inLanguage\":\"fr-FR\"},{\"@type\":\"Organization\",\"@id\":\"https:\/\/rvh-synergie.org\/actualites\/#organization\",\"name\":\"RVH-Synergie.org\",\"url\":\"https:\/\/rvh-synergie.org\/actualites\/\",\"logo\":{\"@type\":\"ImageObject\",\"inLanguage\":\"fr-FR\",\"@id\":\"https:\/\/rvh-synergie.org\/actualites\/#\/schema\/logo\/image\/\",\"url\":\"https:\/\/rvh-synergie.org\/actualites\/wp-content\/uploads\/2024\/09\/favicon.png\",\"contentUrl\":\"https:\/\/rvh-synergie.org\/actualites\/wp-content\/uploads\/2024\/09\/favicon.png\",\"width\":512,\"height\":512,\"caption\":\"RVH-Synergie.org\"},\"image\":{\"@id\":\"https:\/\/rvh-synergie.org\/actualites\/#\/schema\/logo\/image\/\"}},{\"@type\":\"Person\",\"@id\":\"https:\/\/rvh-synergie.org\/actualites\/#\/schema\/person\/aa5ea98671fb4e8620f488a0795d2560\",\"name\":\"Charles Martinez\",\"image\":{\"@type\":\"ImageObject\",\"inLanguage\":\"fr-FR\",\"@id\":\"https:\/\/rvh-synergie.org\/actualites\/#\/schema\/person\/image\/\",\"url\":\"https:\/\/rvh-synergie.org\/actualites\/wp-content\/uploads\/2024\/09\/charles-martinez-scaled.jpg\",\"contentUrl\":\"https:\/\/rvh-synergie.org\/actualites\/wp-content\/uploads\/2024\/09\/charles-martinez-scaled.jpg\",\"caption\":\"Charles Martinez\"},\"description\":\"Bonjour, je m'appelle Charles Martinez, r\u00e9dacteur passionn\u00e9 pour le m\u00e9dia RVH-synergie.org, d\u00e9di\u00e9 aux addictions et aux maladies. Depuis plus de dix ans, j'explore et rapporte les histoires poignantes des individus confront\u00e9s \u00e0 ces d\u00e9fis, tout en sensibilisant le public aux traitements novateurs et aux progr\u00e8s scientifiques dans ce domaine. Mon engagement r\u00e9side dans l'espoir de cr\u00e9er une communaut\u00e9 inform\u00e9e et empathique, pr\u00eate \u00e0 soutenir ceux qui luttent contre ces \u00e9preuves.\",\"sameAs\":[\"https:\/\/rvh-synergie.org\/\"]}]}<\/script>\n<!-- \/ Yoast SEO plugin. -->","yoast_head_json":{"title":"Est-il trop tard pour se faire vacciner contre la grippe ? - RVH-Synergie.org","robots":{"index":"index","follow":"follow","max-snippet":"max-snippet:-1","max-image-preview":"max-image-preview:large","max-video-preview":"max-video-preview:-1"},"canonical":"https:\/\/rvh-synergie.org\/actualites\/est-il-trop-tard-pour-se-faire-vacciner-contre-la-grippe\/","og_locale":"fr_FR","og_type":"article","og_title":"Est-il trop tard pour se faire vacciner contre la grippe ? - RVH-Synergie.org","og_description":"Alors que les campagnes et initiatives de vaccination contre la grippe commencent vers la fin","og_url":"https:\/\/rvh-synergie.org\/actualites\/est-il-trop-tard-pour-se-faire-vacciner-contre-la-grippe\/","og_site_name":"RVH-Synergie","article_published_time":"2025-11-08T15:19:22+00:00","article_modified_time":"2025-11-08T15:19:33+00:00","og_image":[{"width":2560,"height":1707,"url":"https:\/\/rvh-synergie.org\/actualites\/wp-content\/uploads\/2025\/11\/1762615163_Est-il-trop-tard-pour-se-faire-vacciner-contre-la-grippe-scaled.jpg","type":"image\/jpeg"}],"author":"Charles Martinez","twitter_card":"summary_large_image","twitter_misc":{"\u00c9crit par":"Charles Martinez","Dur\u00e9e de lecture estim\u00e9e":"4 minutes"},"schema":{"@context":"https:\/\/schema.org","@graph":[{"@type":"Article","@id":"https:\/\/rvh-synergie.org\/actualites\/est-il-trop-tard-pour-se-faire-vacciner-contre-la-grippe\/#article","isPartOf":{"@id":"https:\/\/rvh-synergie.org\/actualites\/est-il-trop-tard-pour-se-faire-vacciner-contre-la-grippe\/"},"author":{"name":"Charles Martinez","@id":"https:\/\/rvh-synergie.org\/actualites\/#\/schema\/person\/aa5ea98671fb4e8620f488a0795d2560"},"headline":"Est-il trop tard pour se faire vacciner contre la grippe ?","datePublished":"2025-11-08T15:19:22+00:00","dateModified":"2025-11-08T15:19:33+00:00","mainEntityOfPage":{"@id":"https:\/\/rvh-synergie.org\/actualites\/est-il-trop-tard-pour-se-faire-vacciner-contre-la-grippe\/"},"wordCount":778,"publisher":{"@id":"https:\/\/rvh-synergie.org\/actualites\/#organization"},"image":{"@id":"https:\/\/rvh-synergie.org\/actualites\/est-il-trop-tard-pour-se-faire-vacciner-contre-la-grippe\/#primaryimage"},"thumbnailUrl":"https:\/\/rvh-synergie.org\/actualites\/wp-content\/uploads\/2025\/11\/1762615163_Est-il-trop-tard-pour-se-faire-vacciner-contre-la-grippe-scaled.jpg","keywords":["contre","Estil","faire","grippe","pour","tard","trop","vacciner"],"articleSection":["Les maladies"],"inLanguage":"fr-FR"},{"@type":"WebPage","@id":"https:\/\/rvh-synergie.org\/actualites\/est-il-trop-tard-pour-se-faire-vacciner-contre-la-grippe\/","url":"https:\/\/rvh-synergie.org\/actualites\/est-il-trop-tard-pour-se-faire-vacciner-contre-la-grippe\/","name":"Est-il trop tard pour se faire vacciner contre la grippe ? - RVH-Synergie.org","isPartOf":{"@id":"https:\/\/rvh-synergie.org\/actualites\/#website"},"primaryImageOfPage":{"@id":"https:\/\/rvh-synergie.org\/actualites\/est-il-trop-tard-pour-se-faire-vacciner-contre-la-grippe\/#primaryimage"},"image":{"@id":"https:\/\/rvh-synergie.org\/actualites\/est-il-trop-tard-pour-se-faire-vacciner-contre-la-grippe\/#primaryimage"},"thumbnailUrl":"https:\/\/rvh-synergie.org\/actualites\/wp-content\/uploads\/2025\/11\/1762615163_Est-il-trop-tard-pour-se-faire-vacciner-contre-la-grippe-scaled.jpg","datePublished":"2025-11-08T15:19:22+00:00","dateModified":"2025-11-08T15:19:33+00:00","breadcrumb":{"@id":"https:\/\/rvh-synergie.org\/actualites\/est-il-trop-tard-pour-se-faire-vacciner-contre-la-grippe\/#breadcrumb"},"inLanguage":"fr-FR","potentialAction":[{"@type":"ReadAction","target":["https:\/\/rvh-synergie.org\/actualites\/est-il-trop-tard-pour-se-faire-vacciner-contre-la-grippe\/"]}]},{"@type":"ImageObject","inLanguage":"fr-FR","@id":"https:\/\/rvh-synergie.org\/actualites\/est-il-trop-tard-pour-se-faire-vacciner-contre-la-grippe\/#primaryimage","url":"https:\/\/rvh-synergie.org\/actualites\/wp-content\/uploads\/2025\/11\/1762615163_Est-il-trop-tard-pour-se-faire-vacciner-contre-la-grippe-scaled.jpg","contentUrl":"https:\/\/rvh-synergie.org\/actualites\/wp-content\/uploads\/2025\/11\/1762615163_Est-il-trop-tard-pour-se-faire-vacciner-contre-la-grippe-scaled.jpg","width":2560,"height":1707,"caption":"Est-il trop tard pour se faire vacciner contre la grippe ?"},{"@type":"BreadcrumbList","@id":"https:\/\/rvh-synergie.org\/actualites\/est-il-trop-tard-pour-se-faire-vacciner-contre-la-grippe\/#breadcrumb","itemListElement":[{"@type":"ListItem","position":1,"name":"Accueil","item":"https:\/\/rvh-synergie.org\/actualites\/"},{"@type":"ListItem","position":2,"name":"Est-il trop tard pour se faire vacciner contre la grippe ?"}]},{"@type":"WebSite","@id":"https:\/\/rvh-synergie.org\/actualites\/#website","url":"https:\/\/rvh-synergie.org\/actualites\/","name":"RVH-Synergie.org","description":"RVH-Synergie, site ind\u00e9pendant d&#039;informations sur la prise en charge des addictions.","publisher":{"@id":"https:\/\/rvh-synergie.org\/actualites\/#organization"},"potentialAction":[{"@type":"SearchAction","target":{"@type":"EntryPoint","urlTemplate":"https:\/\/rvh-synergie.org\/actualites\/?s={search_term_string}"},"query-input":{"@type":"PropertyValueSpecification","valueRequired":true,"valueName":"search_term_string"}}],"inLanguage":"fr-FR"},{"@type":"Organization","@id":"https:\/\/rvh-synergie.org\/actualites\/#organization","name":"RVH-Synergie.org","url":"https:\/\/rvh-synergie.org\/actualites\/","logo":{"@type":"ImageObject","inLanguage":"fr-FR","@id":"https:\/\/rvh-synergie.org\/actualites\/#\/schema\/logo\/image\/","url":"https:\/\/rvh-synergie.org\/actualites\/wp-content\/uploads\/2024\/09\/favicon.png","contentUrl":"https:\/\/rvh-synergie.org\/actualites\/wp-content\/uploads\/2024\/09\/favicon.png","width":512,"height":512,"caption":"RVH-Synergie.org"},"image":{"@id":"https:\/\/rvh-synergie.org\/actualites\/#\/schema\/logo\/image\/"}},{"@type":"Person","@id":"https:\/\/rvh-synergie.org\/actualites\/#\/schema\/person\/aa5ea98671fb4e8620f488a0795d2560","name":"Charles Martinez","image":{"@type":"ImageObject","inLanguage":"fr-FR","@id":"https:\/\/rvh-synergie.org\/actualites\/#\/schema\/person\/image\/","url":"https:\/\/rvh-synergie.org\/actualites\/wp-content\/uploads\/2024\/09\/charles-martinez-scaled.jpg","contentUrl":"https:\/\/rvh-synergie.org\/actualites\/wp-content\/uploads\/2024\/09\/charles-martinez-scaled.jpg","caption":"Charles Martinez"},"description":"Bonjour, je m'appelle Charles Martinez, r\u00e9dacteur passionn\u00e9 pour le m\u00e9dia RVH-synergie.org, d\u00e9di\u00e9 aux addictions et aux maladies. Depuis plus de dix ans, j'explore et rapporte les histoires poignantes des individus confront\u00e9s \u00e0 ces d\u00e9fis, tout en sensibilisant le public aux traitements novateurs et aux progr\u00e8s scientifiques dans ce domaine. Mon engagement r\u00e9side dans l'espoir de cr\u00e9er une communaut\u00e9 inform\u00e9e et empathique, pr\u00eate \u00e0 soutenir ceux qui luttent contre ces \u00e9preuves.","sameAs":["https:\/\/rvh-synergie.org\/"]}]}},"_links":{"self":[{"href":"https:\/\/rvh-synergie.org\/actualites\/wp-json\/wp\/v2\/posts\/11512","targetHints":{"allow":["GET"]}}],"collection":[{"href":"https:\/\/rvh-synergie.org\/actualites\/wp-json\/wp\/v2\/posts"}],"about":[{"href":"https:\/\/rvh-synergie.org\/actualites\/wp-json\/wp\/v2\/types\/post"}],"author":[{"embeddable":true,"href":"https:\/\/rvh-synergie.org\/actualites\/wp-json\/wp\/v2\/users\/1"}],"replies":[{"embeddable":true,"href":"https:\/\/rvh-synergie.org\/actualites\/wp-json\/wp\/v2\/comments?post=11512"}],"version-history":[{"count":0,"href":"https:\/\/rvh-synergie.org\/actualites\/wp-json\/wp\/v2\/posts\/11512\/revisions"}],"wp:featuredmedia":[{"embeddable":true,"href":"https:\/\/rvh-synergie.org\/actualites\/wp-json\/wp\/v2\/media\/11513"}],"wp:attachment":[{"href":"https:\/\/rvh-synergie.org\/actualites\/wp-json\/wp\/v2\/media?parent=11512"}],"wp:term":[{"taxonomy":"category","embeddable":true,"href":"https:\/\/rvh-synergie.org\/actualites\/wp-json\/wp\/v2\/categories?post=11512"},{"taxonomy":"post_tag","embeddable":true,"href":"https:\/\/rvh-synergie.org\/actualites\/wp-json\/wp\/v2\/tags?post=11512"}],"curies":[{"name":"wp","href":"https:\/\/api.w.org\/{rel}","templated":true}]}}