{"id":11503,"date":"2025-11-08T01:23:12","date_gmt":"2025-11-08T00:23:12","guid":{"rendered":"https:\/\/rvh-synergie.org\/actualites\/linsuffisance-renale-chronique-est-desormais-la-neuvieme-cause-de-deces-selon-une-analyse-mondiale\/"},"modified":"2025-11-08T01:23:13","modified_gmt":"2025-11-08T00:23:13","slug":"linsuffisance-renale-chronique-est-desormais-la-neuvieme-cause-de-deces-selon-une-analyse-mondiale","status":"publish","type":"post","link":"https:\/\/rvh-synergie.org\/actualites\/linsuffisance-renale-chronique-est-desormais-la-neuvieme-cause-de-deces-selon-une-analyse-mondiale\/","title":{"rendered":"L\u2019insuffisance r\u00e9nale chronique est d\u00e9sormais la neuvi\u00e8me cause de d\u00e9c\u00e8s, selon une analyse mondiale"},"content":{"rendered":"<div>\n<div class=\"article-gallery lightGallery\">\n<div data-thumb=\"https:\/\/scx1.b-cdn.net\/csz\/news\/tmb\/2025\/kidney-3.jpg\" data-src=\"https:\/\/scx2.b-cdn.net\/gfx\/news\/hires\/2025\/kidney-3.jpg\" data-sub-html=\"Credit: Unsplash\/CC0 Public Domain\">\n<figure class=\"article-img\">\n<\/figure><\/div>\n<\/div>\n<p>On estime d\u00e9sormais qu\u2019un nombre record d\u2019hommes et de femmes dans le monde ont une fonction r\u00e9nale r\u00e9duite, selon une nouvelle \u00e9tude. Les chiffres sont pass\u00e9s de 378 millions de personnes atteintes de la maladie en 1990 \u00e0 788 millions en 2023, \u00e0 mesure que la population mondiale augmentait et vieillissait, ce qui en fait pour la premi\u00e8re fois l&rsquo;une des 10 principales causes de d\u00e9c\u00e8s dans le monde.<\/p>\n<p>Dirig\u00e9e par des chercheurs de NYU Langone Health, de l&rsquo;Universit\u00e9 de Glasgow et de l&rsquo;Institute for Health Metrics and Evaluation (IHME) de l&rsquo;Universit\u00e9 de Washington, l&rsquo;analyse a explor\u00e9 la mont\u00e9e de la maladie, dans laquelle les reins perdent progressivement leur capacit\u00e9 \u00e0 filtrer les d\u00e9chets et l&rsquo;exc\u00e8s de liquide du sang. Les cas b\u00e9nins peuvent ne pr\u00e9senter aucun sympt\u00f4me, tandis que les stades les plus graves peuvent n\u00e9cessiter une dialyse, une th\u00e9rapie de remplacement r\u00e9nal ou une transplantation d&rsquo;organe.<\/p>\n<p>Les r\u00e9sultats ont r\u00e9v\u00e9l\u00e9 qu\u2019environ 14 % des adultes dans le monde souffrent d\u2019une maladie r\u00e9nale chronique. Les r\u00e9sultats ont en outre montr\u00e9 qu&rsquo;environ 1,5 million de personnes sont d\u00e9c\u00e9d\u00e9es de cette maladie en 2023, soit une augmentation de plus de 6 % depuis 1993, si l&rsquo;on tient compte des diff\u00e9rences d\u00e9mographiques selon l&rsquo;\u00e2ge des pays au fil du temps.<\/p>\n<p>\u00ab\u00a0Notre travail montre que la maladie r\u00e9nale chronique est courante, mortelle et s&rsquo;aggrave en tant que probl\u00e8me de sant\u00e9 publique majeur\u00a0\u00bb, a d\u00e9clar\u00e9 le co-auteur principal de l&rsquo;\u00e9tude, Josef Coresh, MD, Ph.D., directeur de l&rsquo;Institut du vieillissement optimal de NYU Langone. \u00ab\u00a0Ces r\u00e9sultats soutiennent les efforts visant \u00e0 reconna\u00eetre cette maladie, aux c\u00f4t\u00e9s du cancer, des maladies cardiaques et des probl\u00e8mes de sant\u00e9 mentale, comme une priorit\u00e9 majeure pour les d\u00e9cideurs politiques du monde entier.\u00a0\u00bb<\/p>\n<p>En mai dernier, l&rsquo;Organisation mondiale de la sant\u00e9 a officiellement ajout\u00e9 les maladies r\u00e9nales chroniques \u00e0 son programme visant \u00e0 r\u00e9duire d&rsquo;un tiers les d\u00e9c\u00e8s pr\u00e9coces dus \u00e0 des maladies non contagieuses avant 2030. Pour lutter contre l&rsquo;\u00e9pid\u00e9mie, les experts doivent d&rsquo;abord comprendre \u00e0 jour les tendances d\u00e9mographiques, explique Coresh, qui est \u00e9galement professeur Terry et Mel Karmazin de sant\u00e9 des populations \u00e0 la NYU Grossman School of Medicine.<\/p>\n<p>Le nouveau rapport, publi\u00e9 en ligne le 7 novembre dans la revue <i>La Lancette<\/i>est l&rsquo;estimation la plus compl\u00e8te de la maladie depuis pr\u00e8s d&rsquo;une d\u00e9cennie, selon les auteurs. Il est pr\u00e9sent\u00e9 simultan\u00e9ment \u00e0 la conf\u00e9rence annuelle de la Kidney Week de l&rsquo;American Society of Nephrology.<\/p>\n<p>L&rsquo;enqu\u00eate a \u00e9t\u00e9 men\u00e9e dans le cadre de l&rsquo;\u00e9tude Global Burden of Disease (GBD) 2023, l&rsquo;effort le plus complet au monde pour suivre les pertes de sant\u00e9 \u00e0 travers les pays et au fil du temps. Ses conclusions sont largement utilis\u00e9es pour orienter l\u2019\u00e9laboration des politiques et \u00e9clairer la recherche en sant\u00e9 mondiale.<\/p>\n<p>Pour l\u2019\u00e9tude, l\u2019\u00e9quipe a analys\u00e9 2\u00a0230 documents de recherche publi\u00e9s et ensembles de donn\u00e9es nationales sur la sant\u00e9 dans 133 pays. En plus de rechercher des tendances en mati\u00e8re de diagnostics et de mortalit\u00e9, l&rsquo;\u00e9quipe a examin\u00e9 les cons\u00e9quences de l&rsquo;invalidit\u00e9 provoqu\u00e9e par l&rsquo;insuffisance r\u00e9nale chronique.<\/p>\n<p>Une autre d\u00e9couverte majeure \u00e9tait que l\u2019insuffisance r\u00e9nale, en plus de tuer directement des personnes, \u00e9tait un facteur de risque cl\u00e9 de maladie cardiaque, contribuant \u00e0 environ 12 % de la mortalit\u00e9 cardiovasculaire mondiale. Les r\u00e9sultats ont en outre montr\u00e9 qu\u2019en 2023, cette pathologie \u00e9tait la 12\u00e8me cause de diminution de la qualit\u00e9 de vie due au handicap. Les principaux facteurs de risque de maladie r\u00e9nale \u00e9taient l\u2019hyperglyc\u00e9mie, l\u2019hypertension art\u00e9rielle et un indice de masse corporelle \u00e9lev\u00e9 (une mesure de l\u2019ob\u00e9sit\u00e9).<\/p>\n<p>La plupart des personnes atteintes d\u2019insuffisance r\u00e9nale chronique participant \u00e0 l\u2019\u00e9tude en \u00e9taient aux premiers stades de la maladie. Ceci est important, dit Coresh, car un traitement rapide avec des m\u00e9dicaments et des changements de mode de vie peuvent \u00e9viter le recours \u00e0 des interventions plus dramatiques et plus co\u00fbteuses telles que la dialyse et la transplantation r\u00e9nale.<\/p>\n<p>Il ajoute qu\u2019en Afrique subsaharienne, en Asie du Sud-Est, en Am\u00e9rique latine et dans d\u2019autres r\u00e9gions \u00e0 faible revenu, relativement peu de personnes re\u00e7oivent une dialyse ou une greffe de rein, probablement parce que ces traitements sont moins disponibles et plus difficiles d\u2019acc\u00e8s dans ces r\u00e9gions.<\/p>\n<p>\u00ab\u00a0La maladie r\u00e9nale chronique est sous-diagnostiqu\u00e9e et sous-trait\u00e9e\u00a0\u00bb, a d\u00e9clar\u00e9 Morgan Grams, MD, Ph.D, co-auteur principal de l&rsquo;\u00e9tude. \u00ab\u00a0Notre rapport souligne la n\u00e9cessit\u00e9 de proc\u00e9der \u00e0 davantage d&rsquo;analyses d&rsquo;urine pour d\u00e9tecter la maladie \u00e0 un stade pr\u00e9coce et de garantir que les patients peuvent se permettre d&rsquo;acc\u00e9der au traitement une fois qu&rsquo;ils sont diagnostiqu\u00e9s.\u00a0\u00bb<\/p>\n<p>Grams, professeur de m\u00e9decine Susan et Morris Mark \u00e0 la NYU Grossman School of Medicine, note que de nouveaux m\u00e9dicaments sont devenus disponibles au cours des cinq derni\u00e8res ann\u00e9es et peuvent ralentir la progression de la maladie r\u00e9nale et r\u00e9duire le risque de crise cardiaque, d&rsquo;accident vasculaire c\u00e9r\u00e9bral et d&rsquo;insuffisance cardiaque. Il faudra cependant du temps pour constater des am\u00e9liorations \u00e0 l\u2019\u00e9chelle mondiale.<\/p>\n<p>Grams pr\u00e9vient \u00e9galement que, puisque la maladie r\u00e9nale chronique est sous-\u00e9tudi\u00e9e, elle pourrait \u00eatre encore plus courante que ne le sugg\u00e8rent les r\u00e9sultats actuels.<\/p>\n<p>                                        <!-- print only --><\/p><\/div>\n","protected":false},"excerpt":{"rendered":"<p>On estime d\u00e9sormais qu\u2019un nombre record d\u2019hommes et de femmes dans le monde ont une<\/p>\n","protected":false},"author":1,"featured_media":11412,"comment_status":"closed","ping_status":"","sticky":false,"template":"","format":"standard","meta":{"footnotes":""},"categories":[86],"tags":[484,250,301,1093,223,1945,1994,7588,249,46,47],"class_list":["post-11503","post","type-post","status-publish","format-standard","has-post-thumbnail","hentry","category-les-maladies","tag-analyse","tag-chronique","tag-deces","tag-desormais","tag-est","tag-linsuffisance","tag-mondiale","tag-neuvieme","tag-renale","tag-selon","tag-une","generate-columns","tablet-grid-50","mobile-grid-100","grid-parent","grid-50","resize-featured-image"],"yoast_head":"<!-- This site is optimized with the Yoast SEO plugin v23.4 - https:\/\/yoast.com\/wordpress\/plugins\/seo\/ -->\n<title>L\u2019insuffisance r\u00e9nale chronique est d\u00e9sormais la neuvi\u00e8me cause de d\u00e9c\u00e8s, selon une analyse mondiale - RVH-Synergie.org<\/title>\n<meta name=\"robots\" content=\"index, follow, max-snippet:-1, max-image-preview:large, max-video-preview:-1\" \/>\n<link rel=\"canonical\" href=\"https:\/\/rvh-synergie.org\/actualites\/linsuffisance-renale-chronique-est-desormais-la-neuvieme-cause-de-deces-selon-une-analyse-mondiale\/\" \/>\n<meta property=\"og:locale\" content=\"fr_FR\" \/>\n<meta property=\"og:type\" content=\"article\" \/>\n<meta property=\"og:title\" content=\"L\u2019insuffisance r\u00e9nale chronique est d\u00e9sormais la neuvi\u00e8me cause de d\u00e9c\u00e8s, selon une analyse mondiale - RVH-Synergie.org\" \/>\n<meta property=\"og:description\" content=\"On estime d\u00e9sormais qu\u2019un nombre record d\u2019hommes et de femmes dans le monde ont une\" \/>\n<meta property=\"og:url\" content=\"https:\/\/rvh-synergie.org\/actualites\/linsuffisance-renale-chronique-est-desormais-la-neuvieme-cause-de-deces-selon-une-analyse-mondiale\/\" \/>\n<meta property=\"og:site_name\" content=\"RVH-Synergie\" \/>\n<meta property=\"article:published_time\" content=\"2025-11-08T00:23:12+00:00\" \/>\n<meta property=\"article:modified_time\" content=\"2025-11-08T00:23:13+00:00\" \/>\n<meta property=\"og:image\" content=\"https:\/\/rvh-synergie.org\/actualites\/wp-content\/uploads\/2025\/11\/1762400849_Un-espoir-renouvele-pour-les-patients-adultes-atteints-du-syndrome-scaled.jpg\" \/>\n\t<meta property=\"og:image:width\" content=\"2560\" \/>\n\t<meta property=\"og:image:height\" content=\"1630\" \/>\n\t<meta property=\"og:image:type\" content=\"image\/jpeg\" \/>\n<meta name=\"author\" content=\"Charles Martinez\" \/>\n<meta name=\"twitter:card\" content=\"summary_large_image\" \/>\n<meta name=\"twitter:label1\" content=\"\u00c9crit par\" \/>\n\t<meta name=\"twitter:data1\" content=\"Charles Martinez\" \/>\n\t<meta name=\"twitter:label2\" content=\"Dur\u00e9e de lecture estim\u00e9e\" \/>\n\t<meta name=\"twitter:data2\" content=\"5 minutes\" \/>\n<script type=\"application\/ld+json\" class=\"yoast-schema-graph\">{\"@context\":\"https:\/\/schema.org\",\"@graph\":[{\"@type\":\"Article\",\"@id\":\"https:\/\/rvh-synergie.org\/actualites\/linsuffisance-renale-chronique-est-desormais-la-neuvieme-cause-de-deces-selon-une-analyse-mondiale\/#article\",\"isPartOf\":{\"@id\":\"https:\/\/rvh-synergie.org\/actualites\/linsuffisance-renale-chronique-est-desormais-la-neuvieme-cause-de-deces-selon-une-analyse-mondiale\/\"},\"author\":{\"name\":\"Charles Martinez\",\"@id\":\"https:\/\/rvh-synergie.org\/actualites\/#\/schema\/person\/aa5ea98671fb4e8620f488a0795d2560\"},\"headline\":\"L\u2019insuffisance r\u00e9nale chronique est d\u00e9sormais la neuvi\u00e8me cause de d\u00e9c\u00e8s, selon une analyse mondiale\",\"datePublished\":\"2025-11-08T00:23:12+00:00\",\"dateModified\":\"2025-11-08T00:23:13+00:00\",\"mainEntityOfPage\":{\"@id\":\"https:\/\/rvh-synergie.org\/actualites\/linsuffisance-renale-chronique-est-desormais-la-neuvieme-cause-de-deces-selon-une-analyse-mondiale\/\"},\"wordCount\":955,\"publisher\":{\"@id\":\"https:\/\/rvh-synergie.org\/actualites\/#organization\"},\"image\":{\"@id\":\"https:\/\/rvh-synergie.org\/actualites\/linsuffisance-renale-chronique-est-desormais-la-neuvieme-cause-de-deces-selon-une-analyse-mondiale\/#primaryimage\"},\"thumbnailUrl\":\"https:\/\/rvh-synergie.org\/actualites\/wp-content\/uploads\/2025\/11\/1762400849_Un-espoir-renouvele-pour-les-patients-adultes-atteints-du-syndrome-scaled.jpg\",\"keywords\":[\"analyse\",\"chronique\",\"d\u00e9c\u00e8s\",\"d\u00e9sormais\",\"est\",\"linsuffisance\",\"mondiale\",\"neuvi\u00e8me\",\"r\u00e9nale\",\"selon\",\"une\"],\"articleSection\":[\"Les maladies\"],\"inLanguage\":\"fr-FR\"},{\"@type\":\"WebPage\",\"@id\":\"https:\/\/rvh-synergie.org\/actualites\/linsuffisance-renale-chronique-est-desormais-la-neuvieme-cause-de-deces-selon-une-analyse-mondiale\/\",\"url\":\"https:\/\/rvh-synergie.org\/actualites\/linsuffisance-renale-chronique-est-desormais-la-neuvieme-cause-de-deces-selon-une-analyse-mondiale\/\",\"name\":\"L\u2019insuffisance r\u00e9nale chronique est d\u00e9sormais la neuvi\u00e8me cause de d\u00e9c\u00e8s, selon une analyse mondiale - RVH-Synergie.org\",\"isPartOf\":{\"@id\":\"https:\/\/rvh-synergie.org\/actualites\/#website\"},\"primaryImageOfPage\":{\"@id\":\"https:\/\/rvh-synergie.org\/actualites\/linsuffisance-renale-chronique-est-desormais-la-neuvieme-cause-de-deces-selon-une-analyse-mondiale\/#primaryimage\"},\"image\":{\"@id\":\"https:\/\/rvh-synergie.org\/actualites\/linsuffisance-renale-chronique-est-desormais-la-neuvieme-cause-de-deces-selon-une-analyse-mondiale\/#primaryimage\"},\"thumbnailUrl\":\"https:\/\/rvh-synergie.org\/actualites\/wp-content\/uploads\/2025\/11\/1762400849_Un-espoir-renouvele-pour-les-patients-adultes-atteints-du-syndrome-scaled.jpg\",\"datePublished\":\"2025-11-08T00:23:12+00:00\",\"dateModified\":\"2025-11-08T00:23:13+00:00\",\"breadcrumb\":{\"@id\":\"https:\/\/rvh-synergie.org\/actualites\/linsuffisance-renale-chronique-est-desormais-la-neuvieme-cause-de-deces-selon-une-analyse-mondiale\/#breadcrumb\"},\"inLanguage\":\"fr-FR\",\"potentialAction\":[{\"@type\":\"ReadAction\",\"target\":[\"https:\/\/rvh-synergie.org\/actualites\/linsuffisance-renale-chronique-est-desormais-la-neuvieme-cause-de-deces-selon-une-analyse-mondiale\/\"]}]},{\"@type\":\"ImageObject\",\"inLanguage\":\"fr-FR\",\"@id\":\"https:\/\/rvh-synergie.org\/actualites\/linsuffisance-renale-chronique-est-desormais-la-neuvieme-cause-de-deces-selon-une-analyse-mondiale\/#primaryimage\",\"url\":\"https:\/\/rvh-synergie.org\/actualites\/wp-content\/uploads\/2025\/11\/1762400849_Un-espoir-renouvele-pour-les-patients-adultes-atteints-du-syndrome-scaled.jpg\",\"contentUrl\":\"https:\/\/rvh-synergie.org\/actualites\/wp-content\/uploads\/2025\/11\/1762400849_Un-espoir-renouvele-pour-les-patients-adultes-atteints-du-syndrome-scaled.jpg\",\"width\":2560,\"height\":1630,\"caption\":\"Un espoir renouvel\u00e9 pour les patients adultes atteints du syndrome n\u00e9phrotique r\u00e9current\"},{\"@type\":\"BreadcrumbList\",\"@id\":\"https:\/\/rvh-synergie.org\/actualites\/linsuffisance-renale-chronique-est-desormais-la-neuvieme-cause-de-deces-selon-une-analyse-mondiale\/#breadcrumb\",\"itemListElement\":[{\"@type\":\"ListItem\",\"position\":1,\"name\":\"Accueil\",\"item\":\"https:\/\/rvh-synergie.org\/actualites\/\"},{\"@type\":\"ListItem\",\"position\":2,\"name\":\"L\u2019insuffisance r\u00e9nale chronique est d\u00e9sormais la neuvi\u00e8me cause de d\u00e9c\u00e8s, selon une analyse mondiale\"}]},{\"@type\":\"WebSite\",\"@id\":\"https:\/\/rvh-synergie.org\/actualites\/#website\",\"url\":\"https:\/\/rvh-synergie.org\/actualites\/\",\"name\":\"RVH-Synergie.org\",\"description\":\"RVH-Synergie, site ind\u00e9pendant d&#039;informations sur la prise en charge des addictions.\",\"publisher\":{\"@id\":\"https:\/\/rvh-synergie.org\/actualites\/#organization\"},\"potentialAction\":[{\"@type\":\"SearchAction\",\"target\":{\"@type\":\"EntryPoint\",\"urlTemplate\":\"https:\/\/rvh-synergie.org\/actualites\/?s={search_term_string}\"},\"query-input\":{\"@type\":\"PropertyValueSpecification\",\"valueRequired\":true,\"valueName\":\"search_term_string\"}}],\"inLanguage\":\"fr-FR\"},{\"@type\":\"Organization\",\"@id\":\"https:\/\/rvh-synergie.org\/actualites\/#organization\",\"name\":\"RVH-Synergie.org\",\"url\":\"https:\/\/rvh-synergie.org\/actualites\/\",\"logo\":{\"@type\":\"ImageObject\",\"inLanguage\":\"fr-FR\",\"@id\":\"https:\/\/rvh-synergie.org\/actualites\/#\/schema\/logo\/image\/\",\"url\":\"https:\/\/rvh-synergie.org\/actualites\/wp-content\/uploads\/2024\/09\/favicon.png\",\"contentUrl\":\"https:\/\/rvh-synergie.org\/actualites\/wp-content\/uploads\/2024\/09\/favicon.png\",\"width\":512,\"height\":512,\"caption\":\"RVH-Synergie.org\"},\"image\":{\"@id\":\"https:\/\/rvh-synergie.org\/actualites\/#\/schema\/logo\/image\/\"}},{\"@type\":\"Person\",\"@id\":\"https:\/\/rvh-synergie.org\/actualites\/#\/schema\/person\/aa5ea98671fb4e8620f488a0795d2560\",\"name\":\"Charles Martinez\",\"image\":{\"@type\":\"ImageObject\",\"inLanguage\":\"fr-FR\",\"@id\":\"https:\/\/rvh-synergie.org\/actualites\/#\/schema\/person\/image\/\",\"url\":\"https:\/\/rvh-synergie.org\/actualites\/wp-content\/uploads\/2024\/09\/charles-martinez-scaled.jpg\",\"contentUrl\":\"https:\/\/rvh-synergie.org\/actualites\/wp-content\/uploads\/2024\/09\/charles-martinez-scaled.jpg\",\"caption\":\"Charles Martinez\"},\"description\":\"Bonjour, je m'appelle Charles Martinez, r\u00e9dacteur passionn\u00e9 pour le m\u00e9dia RVH-synergie.org, d\u00e9di\u00e9 aux addictions et aux maladies. Depuis plus de dix ans, j'explore et rapporte les histoires poignantes des individus confront\u00e9s \u00e0 ces d\u00e9fis, tout en sensibilisant le public aux traitements novateurs et aux progr\u00e8s scientifiques dans ce domaine. Mon engagement r\u00e9side dans l'espoir de cr\u00e9er une communaut\u00e9 inform\u00e9e et empathique, pr\u00eate \u00e0 soutenir ceux qui luttent contre ces \u00e9preuves.\",\"sameAs\":[\"https:\/\/rvh-synergie.org\/\"]}]}<\/script>\n<!-- \/ Yoast SEO plugin. -->","yoast_head_json":{"title":"L\u2019insuffisance r\u00e9nale chronique est d\u00e9sormais la neuvi\u00e8me cause de d\u00e9c\u00e8s, selon une analyse mondiale - RVH-Synergie.org","robots":{"index":"index","follow":"follow","max-snippet":"max-snippet:-1","max-image-preview":"max-image-preview:large","max-video-preview":"max-video-preview:-1"},"canonical":"https:\/\/rvh-synergie.org\/actualites\/linsuffisance-renale-chronique-est-desormais-la-neuvieme-cause-de-deces-selon-une-analyse-mondiale\/","og_locale":"fr_FR","og_type":"article","og_title":"L\u2019insuffisance r\u00e9nale chronique est d\u00e9sormais la neuvi\u00e8me cause de d\u00e9c\u00e8s, selon une analyse mondiale - RVH-Synergie.org","og_description":"On estime d\u00e9sormais qu\u2019un nombre record d\u2019hommes et de femmes dans le monde ont une","og_url":"https:\/\/rvh-synergie.org\/actualites\/linsuffisance-renale-chronique-est-desormais-la-neuvieme-cause-de-deces-selon-une-analyse-mondiale\/","og_site_name":"RVH-Synergie","article_published_time":"2025-11-08T00:23:12+00:00","article_modified_time":"2025-11-08T00:23:13+00:00","og_image":[{"width":2560,"height":1630,"url":"https:\/\/rvh-synergie.org\/actualites\/wp-content\/uploads\/2025\/11\/1762400849_Un-espoir-renouvele-pour-les-patients-adultes-atteints-du-syndrome-scaled.jpg","type":"image\/jpeg"}],"author":"Charles Martinez","twitter_card":"summary_large_image","twitter_misc":{"\u00c9crit par":"Charles Martinez","Dur\u00e9e de lecture estim\u00e9e":"5 minutes"},"schema":{"@context":"https:\/\/schema.org","@graph":[{"@type":"Article","@id":"https:\/\/rvh-synergie.org\/actualites\/linsuffisance-renale-chronique-est-desormais-la-neuvieme-cause-de-deces-selon-une-analyse-mondiale\/#article","isPartOf":{"@id":"https:\/\/rvh-synergie.org\/actualites\/linsuffisance-renale-chronique-est-desormais-la-neuvieme-cause-de-deces-selon-une-analyse-mondiale\/"},"author":{"name":"Charles Martinez","@id":"https:\/\/rvh-synergie.org\/actualites\/#\/schema\/person\/aa5ea98671fb4e8620f488a0795d2560"},"headline":"L\u2019insuffisance r\u00e9nale chronique est d\u00e9sormais la neuvi\u00e8me cause de d\u00e9c\u00e8s, selon une analyse mondiale","datePublished":"2025-11-08T00:23:12+00:00","dateModified":"2025-11-08T00:23:13+00:00","mainEntityOfPage":{"@id":"https:\/\/rvh-synergie.org\/actualites\/linsuffisance-renale-chronique-est-desormais-la-neuvieme-cause-de-deces-selon-une-analyse-mondiale\/"},"wordCount":955,"publisher":{"@id":"https:\/\/rvh-synergie.org\/actualites\/#organization"},"image":{"@id":"https:\/\/rvh-synergie.org\/actualites\/linsuffisance-renale-chronique-est-desormais-la-neuvieme-cause-de-deces-selon-une-analyse-mondiale\/#primaryimage"},"thumbnailUrl":"https:\/\/rvh-synergie.org\/actualites\/wp-content\/uploads\/2025\/11\/1762400849_Un-espoir-renouvele-pour-les-patients-adultes-atteints-du-syndrome-scaled.jpg","keywords":["analyse","chronique","d\u00e9c\u00e8s","d\u00e9sormais","est","linsuffisance","mondiale","neuvi\u00e8me","r\u00e9nale","selon","une"],"articleSection":["Les maladies"],"inLanguage":"fr-FR"},{"@type":"WebPage","@id":"https:\/\/rvh-synergie.org\/actualites\/linsuffisance-renale-chronique-est-desormais-la-neuvieme-cause-de-deces-selon-une-analyse-mondiale\/","url":"https:\/\/rvh-synergie.org\/actualites\/linsuffisance-renale-chronique-est-desormais-la-neuvieme-cause-de-deces-selon-une-analyse-mondiale\/","name":"L\u2019insuffisance r\u00e9nale chronique est d\u00e9sormais la neuvi\u00e8me cause de d\u00e9c\u00e8s, selon une analyse mondiale - RVH-Synergie.org","isPartOf":{"@id":"https:\/\/rvh-synergie.org\/actualites\/#website"},"primaryImageOfPage":{"@id":"https:\/\/rvh-synergie.org\/actualites\/linsuffisance-renale-chronique-est-desormais-la-neuvieme-cause-de-deces-selon-une-analyse-mondiale\/#primaryimage"},"image":{"@id":"https:\/\/rvh-synergie.org\/actualites\/linsuffisance-renale-chronique-est-desormais-la-neuvieme-cause-de-deces-selon-une-analyse-mondiale\/#primaryimage"},"thumbnailUrl":"https:\/\/rvh-synergie.org\/actualites\/wp-content\/uploads\/2025\/11\/1762400849_Un-espoir-renouvele-pour-les-patients-adultes-atteints-du-syndrome-scaled.jpg","datePublished":"2025-11-08T00:23:12+00:00","dateModified":"2025-11-08T00:23:13+00:00","breadcrumb":{"@id":"https:\/\/rvh-synergie.org\/actualites\/linsuffisance-renale-chronique-est-desormais-la-neuvieme-cause-de-deces-selon-une-analyse-mondiale\/#breadcrumb"},"inLanguage":"fr-FR","potentialAction":[{"@type":"ReadAction","target":["https:\/\/rvh-synergie.org\/actualites\/linsuffisance-renale-chronique-est-desormais-la-neuvieme-cause-de-deces-selon-une-analyse-mondiale\/"]}]},{"@type":"ImageObject","inLanguage":"fr-FR","@id":"https:\/\/rvh-synergie.org\/actualites\/linsuffisance-renale-chronique-est-desormais-la-neuvieme-cause-de-deces-selon-une-analyse-mondiale\/#primaryimage","url":"https:\/\/rvh-synergie.org\/actualites\/wp-content\/uploads\/2025\/11\/1762400849_Un-espoir-renouvele-pour-les-patients-adultes-atteints-du-syndrome-scaled.jpg","contentUrl":"https:\/\/rvh-synergie.org\/actualites\/wp-content\/uploads\/2025\/11\/1762400849_Un-espoir-renouvele-pour-les-patients-adultes-atteints-du-syndrome-scaled.jpg","width":2560,"height":1630,"caption":"Un espoir renouvel\u00e9 pour les patients adultes atteints du syndrome n\u00e9phrotique r\u00e9current"},{"@type":"BreadcrumbList","@id":"https:\/\/rvh-synergie.org\/actualites\/linsuffisance-renale-chronique-est-desormais-la-neuvieme-cause-de-deces-selon-une-analyse-mondiale\/#breadcrumb","itemListElement":[{"@type":"ListItem","position":1,"name":"Accueil","item":"https:\/\/rvh-synergie.org\/actualites\/"},{"@type":"ListItem","position":2,"name":"L\u2019insuffisance r\u00e9nale chronique est d\u00e9sormais la neuvi\u00e8me cause de d\u00e9c\u00e8s, selon une analyse mondiale"}]},{"@type":"WebSite","@id":"https:\/\/rvh-synergie.org\/actualites\/#website","url":"https:\/\/rvh-synergie.org\/actualites\/","name":"RVH-Synergie.org","description":"RVH-Synergie, site ind\u00e9pendant d&#039;informations sur la prise en charge des addictions.","publisher":{"@id":"https:\/\/rvh-synergie.org\/actualites\/#organization"},"potentialAction":[{"@type":"SearchAction","target":{"@type":"EntryPoint","urlTemplate":"https:\/\/rvh-synergie.org\/actualites\/?s={search_term_string}"},"query-input":{"@type":"PropertyValueSpecification","valueRequired":true,"valueName":"search_term_string"}}],"inLanguage":"fr-FR"},{"@type":"Organization","@id":"https:\/\/rvh-synergie.org\/actualites\/#organization","name":"RVH-Synergie.org","url":"https:\/\/rvh-synergie.org\/actualites\/","logo":{"@type":"ImageObject","inLanguage":"fr-FR","@id":"https:\/\/rvh-synergie.org\/actualites\/#\/schema\/logo\/image\/","url":"https:\/\/rvh-synergie.org\/actualites\/wp-content\/uploads\/2024\/09\/favicon.png","contentUrl":"https:\/\/rvh-synergie.org\/actualites\/wp-content\/uploads\/2024\/09\/favicon.png","width":512,"height":512,"caption":"RVH-Synergie.org"},"image":{"@id":"https:\/\/rvh-synergie.org\/actualites\/#\/schema\/logo\/image\/"}},{"@type":"Person","@id":"https:\/\/rvh-synergie.org\/actualites\/#\/schema\/person\/aa5ea98671fb4e8620f488a0795d2560","name":"Charles Martinez","image":{"@type":"ImageObject","inLanguage":"fr-FR","@id":"https:\/\/rvh-synergie.org\/actualites\/#\/schema\/person\/image\/","url":"https:\/\/rvh-synergie.org\/actualites\/wp-content\/uploads\/2024\/09\/charles-martinez-scaled.jpg","contentUrl":"https:\/\/rvh-synergie.org\/actualites\/wp-content\/uploads\/2024\/09\/charles-martinez-scaled.jpg","caption":"Charles Martinez"},"description":"Bonjour, je m'appelle Charles Martinez, r\u00e9dacteur passionn\u00e9 pour le m\u00e9dia RVH-synergie.org, d\u00e9di\u00e9 aux addictions et aux maladies. Depuis plus de dix ans, j'explore et rapporte les histoires poignantes des individus confront\u00e9s \u00e0 ces d\u00e9fis, tout en sensibilisant le public aux traitements novateurs et aux progr\u00e8s scientifiques dans ce domaine. Mon engagement r\u00e9side dans l'espoir de cr\u00e9er une communaut\u00e9 inform\u00e9e et empathique, pr\u00eate \u00e0 soutenir ceux qui luttent contre ces \u00e9preuves.","sameAs":["https:\/\/rvh-synergie.org\/"]}]}},"_links":{"self":[{"href":"https:\/\/rvh-synergie.org\/actualites\/wp-json\/wp\/v2\/posts\/11503","targetHints":{"allow":["GET"]}}],"collection":[{"href":"https:\/\/rvh-synergie.org\/actualites\/wp-json\/wp\/v2\/posts"}],"about":[{"href":"https:\/\/rvh-synergie.org\/actualites\/wp-json\/wp\/v2\/types\/post"}],"author":[{"embeddable":true,"href":"https:\/\/rvh-synergie.org\/actualites\/wp-json\/wp\/v2\/users\/1"}],"replies":[{"embeddable":true,"href":"https:\/\/rvh-synergie.org\/actualites\/wp-json\/wp\/v2\/comments?post=11503"}],"version-history":[{"count":0,"href":"https:\/\/rvh-synergie.org\/actualites\/wp-json\/wp\/v2\/posts\/11503\/revisions"}],"wp:featuredmedia":[{"embeddable":true,"href":"https:\/\/rvh-synergie.org\/actualites\/wp-json\/wp\/v2\/media\/11412"}],"wp:attachment":[{"href":"https:\/\/rvh-synergie.org\/actualites\/wp-json\/wp\/v2\/media?parent=11503"}],"wp:term":[{"taxonomy":"category","embeddable":true,"href":"https:\/\/rvh-synergie.org\/actualites\/wp-json\/wp\/v2\/categories?post=11503"},{"taxonomy":"post_tag","embeddable":true,"href":"https:\/\/rvh-synergie.org\/actualites\/wp-json\/wp\/v2\/tags?post=11503"}],"curies":[{"name":"wp","href":"https:\/\/api.w.org\/{rel}","templated":true}]}}