{"id":11475,"date":"2025-11-07T06:27:49","date_gmt":"2025-11-07T05:27:49","guid":{"rendered":"https:\/\/rvh-synergie.org\/actualites\/mauvaise-olfaction-liee-a-un-risque-accru-de-maladie-coronarienne\/"},"modified":"2025-11-07T06:27:50","modified_gmt":"2025-11-07T05:27:50","slug":"mauvaise-olfaction-liee-a-un-risque-accru-de-maladie-coronarienne","status":"publish","type":"post","link":"https:\/\/rvh-synergie.org\/actualites\/mauvaise-olfaction-liee-a-un-risque-accru-de-maladie-coronarienne\/","title":{"rendered":"Mauvaise olfaction li\u00e9e \u00e0 un risque accru de maladie coronarienne"},"content":{"rendered":"<div>\n<div class=\"article-gallery lightGallery\">\n<div data-thumb=\"https:\/\/scx1.b-cdn.net\/csz\/news\/tmb\/2025\/poor-olfaction-linked.jpg\" data-src=\"https:\/\/scx2.b-cdn.net\/gfx\/news\/2025\/poor-olfaction-linked.jpg\" data-sub-html=\"\">\n<figure class=\"article-img\">\n<\/figure><\/div>\n<\/div>\n<p>Une mauvaise olfaction est associ\u00e9e \u00e0 un risque accru de maladie coronarienne (CHD) chez les personnes \u00e2g\u00e9es, selon une \u00e9tude publi\u00e9e en ligne le 30 octobre dans <i>JAMA Otolaryngologie-Chirurgie de la t\u00eate et du cou<\/i>.<\/p>\n<p>Keran W. Chamberlin, Ph.D., de l&rsquo;Universit\u00e9 d&rsquo;\u00c9tat du Michigan \u00e0 East Lansing, et ses coll\u00e8gues ont examin\u00e9 l&rsquo;association de l&rsquo;olfaction avec le risque de maladie coronarienne dans une analyse r\u00e9trospective bas\u00e9e sur la population des donn\u00e9es secondaires de l&rsquo;\u00e9tude sur le risque d&rsquo;ath\u00e9roscl\u00e9rose dans les communaut\u00e9s, qui comprenait 5 142 personnes \u00e2g\u00e9es qui n&rsquo;avaient pas de maladie coronarienne et dont l&rsquo;olfaction avait \u00e9t\u00e9 \u00e9valu\u00e9e lors de la visite 5. L&rsquo;olfaction a \u00e9t\u00e9 mesur\u00e9e \u00e0 l&rsquo;aide d&rsquo;un test d&rsquo;identification des odeurs en 12 \u00e9l\u00e9ments et a \u00e9t\u00e9 d\u00e9finie comme bonne, mod\u00e9r\u00e9e et pauvre.<\/p>\n<p>Les chercheurs ont identifi\u00e9 280 (5,4 %) \u00e9v\u00e9nements coronariens incidents apr\u00e8s 9,6 ans de suivi. Une mauvaise olfaction \u00e9tait associ\u00e9e \u00e0 un risque \u00e9lev\u00e9 de maladie coronarienne\u00a0; avec un suivi prolong\u00e9, l&rsquo;association s&rsquo;est att\u00e9nu\u00e9e. En comparant une mauvaise odeur avec une bonne odeur, le rapport de risque marginal ajust\u00e9 de maladie coronarienne \u00e9tait de 2,06 (intervalle de confiance \u00e0 95 %, 1,04 \u00e0 4,53), 2,02 (1,27 \u00e0 3,29), 1,59 (1,13 \u00e0 2,35), 1,22 (0,88 \u00e0 1,70) et 1,08 (0,78 \u00e0 1,44) \u00e0 la deuxi\u00e8me ann\u00e9e. 4, 6, 8 et 9, respectivement.<\/p>\n<p>En utilisant la r\u00e9gression de Cox sp\u00e9cifique \u00e0 une p\u00e9riode et \u00e0 une cause, les associations variant dans le temps ont \u00e9t\u00e9 confirm\u00e9es. Dans les analyses de sous-groupes et de sensibilit\u00e9, les r\u00e9sultats \u00e9taient robustes. Une association plus faible a \u00e9t\u00e9 observ\u00e9e entre l\u2019olfaction mod\u00e9r\u00e9e et le risque de maladie coronarienne, avec une tendance similaire variant dans le temps.<\/p>\n<p>\u00ab\u00a0S&rsquo;il y a un d\u00e9clin de l&rsquo;odorat qui ne peut pas \u00eatre expliqu\u00e9 par d&rsquo;autres moyens, ou m\u00eame si cela peut \u00eatre expliqu\u00e9, cela devrait \u00eatre l&rsquo;occasion de faire une \u00e9valuation compl\u00e8te des risques\u00a0\u00bb, a d\u00e9clar\u00e9 Neil Shah, MD, cardiologue non invasif de Northwell Health \u00e0 New Hyde Park, New York, qui n&rsquo;a pas particip\u00e9 \u00e0 l&rsquo;\u00e9tude, dans un communiqu\u00e9.<\/p>\n<p>                                        <!-- print only --><\/p><\/div>\n","protected":false},"excerpt":{"rendered":"<p>Une mauvaise olfaction est associ\u00e9e \u00e0 un risque accru de maladie coronarienne (CHD) chez les<\/p>\n","protected":false},"author":1,"featured_media":11476,"comment_status":"closed","ping_status":"","sticky":false,"template":"","format":"standard","meta":{"footnotes":""},"categories":[86],"tags":[790,7578,664,248,731,7577,40],"class_list":["post-11475","post","type-post","status-publish","format-standard","has-post-thumbnail","hentry","category-les-maladies","tag-accru","tag-coronarienne","tag-liee","tag-maladie","tag-mauvaise","tag-olfaction","tag-risque","generate-columns","tablet-grid-50","mobile-grid-100","grid-parent","grid-50","resize-featured-image"],"yoast_head":"<!-- This site is optimized with the Yoast SEO plugin v23.4 - https:\/\/yoast.com\/wordpress\/plugins\/seo\/ -->\n<title>Mauvaise olfaction li\u00e9e \u00e0 un risque accru de maladie coronarienne - RVH-Synergie.org<\/title>\n<meta name=\"robots\" content=\"index, follow, max-snippet:-1, max-image-preview:large, max-video-preview:-1\" \/>\n<link rel=\"canonical\" href=\"https:\/\/rvh-synergie.org\/actualites\/mauvaise-olfaction-liee-a-un-risque-accru-de-maladie-coronarienne\/\" \/>\n<meta property=\"og:locale\" content=\"fr_FR\" \/>\n<meta property=\"og:type\" content=\"article\" \/>\n<meta property=\"og:title\" content=\"Mauvaise olfaction li\u00e9e \u00e0 un risque accru de maladie coronarienne - RVH-Synergie.org\" \/>\n<meta property=\"og:description\" content=\"Une mauvaise olfaction est associ\u00e9e \u00e0 un risque accru de maladie coronarienne (CHD) chez les\" \/>\n<meta property=\"og:url\" content=\"https:\/\/rvh-synergie.org\/actualites\/mauvaise-olfaction-liee-a-un-risque-accru-de-maladie-coronarienne\/\" \/>\n<meta property=\"og:site_name\" content=\"RVH-Synergie\" \/>\n<meta property=\"article:published_time\" content=\"2025-11-07T05:27:49+00:00\" \/>\n<meta property=\"article:modified_time\" content=\"2025-11-07T05:27:50+00:00\" \/>\n<meta property=\"og:image\" content=\"https:\/\/rvh-synergie.org\/actualites\/wp-content\/uploads\/2025\/11\/1762493269_Mauvaise-olfaction-liee-a-un-risque-accru-de-maladie-coronarienne.jpg\" \/>\n\t<meta property=\"og:image:width\" content=\"1280\" \/>\n\t<meta property=\"og:image:height\" content=\"720\" \/>\n\t<meta property=\"og:image:type\" content=\"image\/jpeg\" \/>\n<meta name=\"author\" content=\"Charles Martinez\" \/>\n<meta name=\"twitter:card\" content=\"summary_large_image\" \/>\n<meta name=\"twitter:label1\" content=\"\u00c9crit par\" \/>\n\t<meta name=\"twitter:data1\" content=\"Charles Martinez\" \/>\n\t<meta name=\"twitter:label2\" content=\"Dur\u00e9e de lecture estim\u00e9e\" \/>\n\t<meta name=\"twitter:data2\" content=\"2 minutes\" \/>\n<script type=\"application\/ld+json\" class=\"yoast-schema-graph\">{\"@context\":\"https:\/\/schema.org\",\"@graph\":[{\"@type\":\"Article\",\"@id\":\"https:\/\/rvh-synergie.org\/actualites\/mauvaise-olfaction-liee-a-un-risque-accru-de-maladie-coronarienne\/#article\",\"isPartOf\":{\"@id\":\"https:\/\/rvh-synergie.org\/actualites\/mauvaise-olfaction-liee-a-un-risque-accru-de-maladie-coronarienne\/\"},\"author\":{\"name\":\"Charles Martinez\",\"@id\":\"https:\/\/rvh-synergie.org\/actualites\/#\/schema\/person\/aa5ea98671fb4e8620f488a0795d2560\"},\"headline\":\"Mauvaise olfaction li\u00e9e \u00e0 un risque accru de maladie coronarienne\",\"datePublished\":\"2025-11-07T05:27:49+00:00\",\"dateModified\":\"2025-11-07T05:27:50+00:00\",\"mainEntityOfPage\":{\"@id\":\"https:\/\/rvh-synergie.org\/actualites\/mauvaise-olfaction-liee-a-un-risque-accru-de-maladie-coronarienne\/\"},\"wordCount\":361,\"publisher\":{\"@id\":\"https:\/\/rvh-synergie.org\/actualites\/#organization\"},\"image\":{\"@id\":\"https:\/\/rvh-synergie.org\/actualites\/mauvaise-olfaction-liee-a-un-risque-accru-de-maladie-coronarienne\/#primaryimage\"},\"thumbnailUrl\":\"https:\/\/rvh-synergie.org\/actualites\/wp-content\/uploads\/2025\/11\/1762493269_Mauvaise-olfaction-liee-a-un-risque-accru-de-maladie-coronarienne.jpg\",\"keywords\":[\"accru\",\"coronarienne\",\"li\u00e9e\",\"maladie\",\"mauvaise\",\"olfaction\",\"risque\"],\"articleSection\":[\"Les maladies\"],\"inLanguage\":\"fr-FR\"},{\"@type\":\"WebPage\",\"@id\":\"https:\/\/rvh-synergie.org\/actualites\/mauvaise-olfaction-liee-a-un-risque-accru-de-maladie-coronarienne\/\",\"url\":\"https:\/\/rvh-synergie.org\/actualites\/mauvaise-olfaction-liee-a-un-risque-accru-de-maladie-coronarienne\/\",\"name\":\"Mauvaise olfaction li\u00e9e \u00e0 un risque accru de maladie coronarienne - RVH-Synergie.org\",\"isPartOf\":{\"@id\":\"https:\/\/rvh-synergie.org\/actualites\/#website\"},\"primaryImageOfPage\":{\"@id\":\"https:\/\/rvh-synergie.org\/actualites\/mauvaise-olfaction-liee-a-un-risque-accru-de-maladie-coronarienne\/#primaryimage\"},\"image\":{\"@id\":\"https:\/\/rvh-synergie.org\/actualites\/mauvaise-olfaction-liee-a-un-risque-accru-de-maladie-coronarienne\/#primaryimage\"},\"thumbnailUrl\":\"https:\/\/rvh-synergie.org\/actualites\/wp-content\/uploads\/2025\/11\/1762493269_Mauvaise-olfaction-liee-a-un-risque-accru-de-maladie-coronarienne.jpg\",\"datePublished\":\"2025-11-07T05:27:49+00:00\",\"dateModified\":\"2025-11-07T05:27:50+00:00\",\"breadcrumb\":{\"@id\":\"https:\/\/rvh-synergie.org\/actualites\/mauvaise-olfaction-liee-a-un-risque-accru-de-maladie-coronarienne\/#breadcrumb\"},\"inLanguage\":\"fr-FR\",\"potentialAction\":[{\"@type\":\"ReadAction\",\"target\":[\"https:\/\/rvh-synergie.org\/actualites\/mauvaise-olfaction-liee-a-un-risque-accru-de-maladie-coronarienne\/\"]}]},{\"@type\":\"ImageObject\",\"inLanguage\":\"fr-FR\",\"@id\":\"https:\/\/rvh-synergie.org\/actualites\/mauvaise-olfaction-liee-a-un-risque-accru-de-maladie-coronarienne\/#primaryimage\",\"url\":\"https:\/\/rvh-synergie.org\/actualites\/wp-content\/uploads\/2025\/11\/1762493269_Mauvaise-olfaction-liee-a-un-risque-accru-de-maladie-coronarienne.jpg\",\"contentUrl\":\"https:\/\/rvh-synergie.org\/actualites\/wp-content\/uploads\/2025\/11\/1762493269_Mauvaise-olfaction-liee-a-un-risque-accru-de-maladie-coronarienne.jpg\",\"width\":1280,\"height\":720,\"caption\":\"Mauvaise olfaction li\u00e9e \u00e0 un risque accru de maladie coronarienne\"},{\"@type\":\"BreadcrumbList\",\"@id\":\"https:\/\/rvh-synergie.org\/actualites\/mauvaise-olfaction-liee-a-un-risque-accru-de-maladie-coronarienne\/#breadcrumb\",\"itemListElement\":[{\"@type\":\"ListItem\",\"position\":1,\"name\":\"Accueil\",\"item\":\"https:\/\/rvh-synergie.org\/actualites\/\"},{\"@type\":\"ListItem\",\"position\":2,\"name\":\"Mauvaise olfaction li\u00e9e \u00e0 un risque accru de maladie coronarienne\"}]},{\"@type\":\"WebSite\",\"@id\":\"https:\/\/rvh-synergie.org\/actualites\/#website\",\"url\":\"https:\/\/rvh-synergie.org\/actualites\/\",\"name\":\"RVH-Synergie.org\",\"description\":\"RVH-Synergie, site ind\u00e9pendant d&#039;informations sur la prise en charge des addictions.\",\"publisher\":{\"@id\":\"https:\/\/rvh-synergie.org\/actualites\/#organization\"},\"potentialAction\":[{\"@type\":\"SearchAction\",\"target\":{\"@type\":\"EntryPoint\",\"urlTemplate\":\"https:\/\/rvh-synergie.org\/actualites\/?s={search_term_string}\"},\"query-input\":{\"@type\":\"PropertyValueSpecification\",\"valueRequired\":true,\"valueName\":\"search_term_string\"}}],\"inLanguage\":\"fr-FR\"},{\"@type\":\"Organization\",\"@id\":\"https:\/\/rvh-synergie.org\/actualites\/#organization\",\"name\":\"RVH-Synergie.org\",\"url\":\"https:\/\/rvh-synergie.org\/actualites\/\",\"logo\":{\"@type\":\"ImageObject\",\"inLanguage\":\"fr-FR\",\"@id\":\"https:\/\/rvh-synergie.org\/actualites\/#\/schema\/logo\/image\/\",\"url\":\"https:\/\/rvh-synergie.org\/actualites\/wp-content\/uploads\/2024\/09\/favicon.png\",\"contentUrl\":\"https:\/\/rvh-synergie.org\/actualites\/wp-content\/uploads\/2024\/09\/favicon.png\",\"width\":512,\"height\":512,\"caption\":\"RVH-Synergie.org\"},\"image\":{\"@id\":\"https:\/\/rvh-synergie.org\/actualites\/#\/schema\/logo\/image\/\"}},{\"@type\":\"Person\",\"@id\":\"https:\/\/rvh-synergie.org\/actualites\/#\/schema\/person\/aa5ea98671fb4e8620f488a0795d2560\",\"name\":\"Charles Martinez\",\"image\":{\"@type\":\"ImageObject\",\"inLanguage\":\"fr-FR\",\"@id\":\"https:\/\/rvh-synergie.org\/actualites\/#\/schema\/person\/image\/\",\"url\":\"https:\/\/rvh-synergie.org\/actualites\/wp-content\/uploads\/2024\/09\/charles-martinez-scaled.jpg\",\"contentUrl\":\"https:\/\/rvh-synergie.org\/actualites\/wp-content\/uploads\/2024\/09\/charles-martinez-scaled.jpg\",\"caption\":\"Charles Martinez\"},\"description\":\"Bonjour, je m'appelle Charles Martinez, r\u00e9dacteur passionn\u00e9 pour le m\u00e9dia RVH-synergie.org, d\u00e9di\u00e9 aux addictions et aux maladies. Depuis plus de dix ans, j'explore et rapporte les histoires poignantes des individus confront\u00e9s \u00e0 ces d\u00e9fis, tout en sensibilisant le public aux traitements novateurs et aux progr\u00e8s scientifiques dans ce domaine. Mon engagement r\u00e9side dans l'espoir de cr\u00e9er une communaut\u00e9 inform\u00e9e et empathique, pr\u00eate \u00e0 soutenir ceux qui luttent contre ces \u00e9preuves.\",\"sameAs\":[\"https:\/\/rvh-synergie.org\/\"]}]}<\/script>\n<!-- \/ Yoast SEO plugin. -->","yoast_head_json":{"title":"Mauvaise olfaction li\u00e9e \u00e0 un risque accru de maladie coronarienne - RVH-Synergie.org","robots":{"index":"index","follow":"follow","max-snippet":"max-snippet:-1","max-image-preview":"max-image-preview:large","max-video-preview":"max-video-preview:-1"},"canonical":"https:\/\/rvh-synergie.org\/actualites\/mauvaise-olfaction-liee-a-un-risque-accru-de-maladie-coronarienne\/","og_locale":"fr_FR","og_type":"article","og_title":"Mauvaise olfaction li\u00e9e \u00e0 un risque accru de maladie coronarienne - RVH-Synergie.org","og_description":"Une mauvaise olfaction est associ\u00e9e \u00e0 un risque accru de maladie coronarienne (CHD) chez les","og_url":"https:\/\/rvh-synergie.org\/actualites\/mauvaise-olfaction-liee-a-un-risque-accru-de-maladie-coronarienne\/","og_site_name":"RVH-Synergie","article_published_time":"2025-11-07T05:27:49+00:00","article_modified_time":"2025-11-07T05:27:50+00:00","og_image":[{"width":1280,"height":720,"url":"https:\/\/rvh-synergie.org\/actualites\/wp-content\/uploads\/2025\/11\/1762493269_Mauvaise-olfaction-liee-a-un-risque-accru-de-maladie-coronarienne.jpg","type":"image\/jpeg"}],"author":"Charles Martinez","twitter_card":"summary_large_image","twitter_misc":{"\u00c9crit par":"Charles Martinez","Dur\u00e9e de lecture estim\u00e9e":"2 minutes"},"schema":{"@context":"https:\/\/schema.org","@graph":[{"@type":"Article","@id":"https:\/\/rvh-synergie.org\/actualites\/mauvaise-olfaction-liee-a-un-risque-accru-de-maladie-coronarienne\/#article","isPartOf":{"@id":"https:\/\/rvh-synergie.org\/actualites\/mauvaise-olfaction-liee-a-un-risque-accru-de-maladie-coronarienne\/"},"author":{"name":"Charles Martinez","@id":"https:\/\/rvh-synergie.org\/actualites\/#\/schema\/person\/aa5ea98671fb4e8620f488a0795d2560"},"headline":"Mauvaise olfaction li\u00e9e \u00e0 un risque accru de maladie coronarienne","datePublished":"2025-11-07T05:27:49+00:00","dateModified":"2025-11-07T05:27:50+00:00","mainEntityOfPage":{"@id":"https:\/\/rvh-synergie.org\/actualites\/mauvaise-olfaction-liee-a-un-risque-accru-de-maladie-coronarienne\/"},"wordCount":361,"publisher":{"@id":"https:\/\/rvh-synergie.org\/actualites\/#organization"},"image":{"@id":"https:\/\/rvh-synergie.org\/actualites\/mauvaise-olfaction-liee-a-un-risque-accru-de-maladie-coronarienne\/#primaryimage"},"thumbnailUrl":"https:\/\/rvh-synergie.org\/actualites\/wp-content\/uploads\/2025\/11\/1762493269_Mauvaise-olfaction-liee-a-un-risque-accru-de-maladie-coronarienne.jpg","keywords":["accru","coronarienne","li\u00e9e","maladie","mauvaise","olfaction","risque"],"articleSection":["Les maladies"],"inLanguage":"fr-FR"},{"@type":"WebPage","@id":"https:\/\/rvh-synergie.org\/actualites\/mauvaise-olfaction-liee-a-un-risque-accru-de-maladie-coronarienne\/","url":"https:\/\/rvh-synergie.org\/actualites\/mauvaise-olfaction-liee-a-un-risque-accru-de-maladie-coronarienne\/","name":"Mauvaise olfaction li\u00e9e \u00e0 un risque accru de maladie coronarienne - RVH-Synergie.org","isPartOf":{"@id":"https:\/\/rvh-synergie.org\/actualites\/#website"},"primaryImageOfPage":{"@id":"https:\/\/rvh-synergie.org\/actualites\/mauvaise-olfaction-liee-a-un-risque-accru-de-maladie-coronarienne\/#primaryimage"},"image":{"@id":"https:\/\/rvh-synergie.org\/actualites\/mauvaise-olfaction-liee-a-un-risque-accru-de-maladie-coronarienne\/#primaryimage"},"thumbnailUrl":"https:\/\/rvh-synergie.org\/actualites\/wp-content\/uploads\/2025\/11\/1762493269_Mauvaise-olfaction-liee-a-un-risque-accru-de-maladie-coronarienne.jpg","datePublished":"2025-11-07T05:27:49+00:00","dateModified":"2025-11-07T05:27:50+00:00","breadcrumb":{"@id":"https:\/\/rvh-synergie.org\/actualites\/mauvaise-olfaction-liee-a-un-risque-accru-de-maladie-coronarienne\/#breadcrumb"},"inLanguage":"fr-FR","potentialAction":[{"@type":"ReadAction","target":["https:\/\/rvh-synergie.org\/actualites\/mauvaise-olfaction-liee-a-un-risque-accru-de-maladie-coronarienne\/"]}]},{"@type":"ImageObject","inLanguage":"fr-FR","@id":"https:\/\/rvh-synergie.org\/actualites\/mauvaise-olfaction-liee-a-un-risque-accru-de-maladie-coronarienne\/#primaryimage","url":"https:\/\/rvh-synergie.org\/actualites\/wp-content\/uploads\/2025\/11\/1762493269_Mauvaise-olfaction-liee-a-un-risque-accru-de-maladie-coronarienne.jpg","contentUrl":"https:\/\/rvh-synergie.org\/actualites\/wp-content\/uploads\/2025\/11\/1762493269_Mauvaise-olfaction-liee-a-un-risque-accru-de-maladie-coronarienne.jpg","width":1280,"height":720,"caption":"Mauvaise olfaction li\u00e9e \u00e0 un risque accru de maladie coronarienne"},{"@type":"BreadcrumbList","@id":"https:\/\/rvh-synergie.org\/actualites\/mauvaise-olfaction-liee-a-un-risque-accru-de-maladie-coronarienne\/#breadcrumb","itemListElement":[{"@type":"ListItem","position":1,"name":"Accueil","item":"https:\/\/rvh-synergie.org\/actualites\/"},{"@type":"ListItem","position":2,"name":"Mauvaise olfaction li\u00e9e \u00e0 un risque accru de maladie coronarienne"}]},{"@type":"WebSite","@id":"https:\/\/rvh-synergie.org\/actualites\/#website","url":"https:\/\/rvh-synergie.org\/actualites\/","name":"RVH-Synergie.org","description":"RVH-Synergie, site ind\u00e9pendant d&#039;informations sur la prise en charge des addictions.","publisher":{"@id":"https:\/\/rvh-synergie.org\/actualites\/#organization"},"potentialAction":[{"@type":"SearchAction","target":{"@type":"EntryPoint","urlTemplate":"https:\/\/rvh-synergie.org\/actualites\/?s={search_term_string}"},"query-input":{"@type":"PropertyValueSpecification","valueRequired":true,"valueName":"search_term_string"}}],"inLanguage":"fr-FR"},{"@type":"Organization","@id":"https:\/\/rvh-synergie.org\/actualites\/#organization","name":"RVH-Synergie.org","url":"https:\/\/rvh-synergie.org\/actualites\/","logo":{"@type":"ImageObject","inLanguage":"fr-FR","@id":"https:\/\/rvh-synergie.org\/actualites\/#\/schema\/logo\/image\/","url":"https:\/\/rvh-synergie.org\/actualites\/wp-content\/uploads\/2024\/09\/favicon.png","contentUrl":"https:\/\/rvh-synergie.org\/actualites\/wp-content\/uploads\/2024\/09\/favicon.png","width":512,"height":512,"caption":"RVH-Synergie.org"},"image":{"@id":"https:\/\/rvh-synergie.org\/actualites\/#\/schema\/logo\/image\/"}},{"@type":"Person","@id":"https:\/\/rvh-synergie.org\/actualites\/#\/schema\/person\/aa5ea98671fb4e8620f488a0795d2560","name":"Charles Martinez","image":{"@type":"ImageObject","inLanguage":"fr-FR","@id":"https:\/\/rvh-synergie.org\/actualites\/#\/schema\/person\/image\/","url":"https:\/\/rvh-synergie.org\/actualites\/wp-content\/uploads\/2024\/09\/charles-martinez-scaled.jpg","contentUrl":"https:\/\/rvh-synergie.org\/actualites\/wp-content\/uploads\/2024\/09\/charles-martinez-scaled.jpg","caption":"Charles Martinez"},"description":"Bonjour, je m'appelle Charles Martinez, r\u00e9dacteur passionn\u00e9 pour le m\u00e9dia RVH-synergie.org, d\u00e9di\u00e9 aux addictions et aux maladies. Depuis plus de dix ans, j'explore et rapporte les histoires poignantes des individus confront\u00e9s \u00e0 ces d\u00e9fis, tout en sensibilisant le public aux traitements novateurs et aux progr\u00e8s scientifiques dans ce domaine. Mon engagement r\u00e9side dans l'espoir de cr\u00e9er une communaut\u00e9 inform\u00e9e et empathique, pr\u00eate \u00e0 soutenir ceux qui luttent contre ces \u00e9preuves.","sameAs":["https:\/\/rvh-synergie.org\/"]}]}},"_links":{"self":[{"href":"https:\/\/rvh-synergie.org\/actualites\/wp-json\/wp\/v2\/posts\/11475","targetHints":{"allow":["GET"]}}],"collection":[{"href":"https:\/\/rvh-synergie.org\/actualites\/wp-json\/wp\/v2\/posts"}],"about":[{"href":"https:\/\/rvh-synergie.org\/actualites\/wp-json\/wp\/v2\/types\/post"}],"author":[{"embeddable":true,"href":"https:\/\/rvh-synergie.org\/actualites\/wp-json\/wp\/v2\/users\/1"}],"replies":[{"embeddable":true,"href":"https:\/\/rvh-synergie.org\/actualites\/wp-json\/wp\/v2\/comments?post=11475"}],"version-history":[{"count":0,"href":"https:\/\/rvh-synergie.org\/actualites\/wp-json\/wp\/v2\/posts\/11475\/revisions"}],"wp:featuredmedia":[{"embeddable":true,"href":"https:\/\/rvh-synergie.org\/actualites\/wp-json\/wp\/v2\/media\/11476"}],"wp:attachment":[{"href":"https:\/\/rvh-synergie.org\/actualites\/wp-json\/wp\/v2\/media?parent=11475"}],"wp:term":[{"taxonomy":"category","embeddable":true,"href":"https:\/\/rvh-synergie.org\/actualites\/wp-json\/wp\/v2\/categories?post=11475"},{"taxonomy":"post_tag","embeddable":true,"href":"https:\/\/rvh-synergie.org\/actualites\/wp-json\/wp\/v2\/tags?post=11475"}],"curies":[{"name":"wp","href":"https:\/\/api.w.org\/{rel}","templated":true}]}}