{"id":11470,"date":"2025-11-07T05:06:44","date_gmt":"2025-11-07T04:06:44","guid":{"rendered":"https:\/\/rvh-synergie.org\/actualites\/des-etudes-montrent-la-gravite-du-vrs-et-son-impact-sur-la-sante-a-long-terme\/"},"modified":"2025-11-07T05:06:44","modified_gmt":"2025-11-07T04:06:44","slug":"des-etudes-montrent-la-gravite-du-vrs-et-son-impact-sur-la-sante-a-long-terme","status":"publish","type":"post","link":"https:\/\/rvh-synergie.org\/actualites\/des-etudes-montrent-la-gravite-du-vrs-et-son-impact-sur-la-sante-a-long-terme\/","title":{"rendered":"Des \u00e9tudes montrent la gravit\u00e9 du VRS et son impact sur la sant\u00e9 \u00e0 long terme"},"content":{"rendered":"<div>\n<div class=\"article-gallery lightGallery\">\n<div data-thumb=\"https:\/\/scx1.b-cdn.net\/csz\/news\/tmb\/2023\/flu-3.jpg\" data-src=\"https:\/\/scx2.b-cdn.net\/gfx\/news\/hires\/2023\/flu-3.jpg\" data-sub-html=\"Credit: Tima Miroshnichenko from Pexels\">\n<figure class=\"article-img\">\n<\/figure><\/div>\n<\/div>\n<p>Souvent confondu avec un rhume, le virus respiratoire syncytial (VRS) peut en fait \u00eatre grave et doit \u00eatre \u00e9tudi\u00e9 de plus pr\u00e8s. Dans des \u00e9tudes men\u00e9es par l&rsquo;H\u00f4pital g\u00e9n\u00e9ral de Singapour (SGH), des chercheurs collaborant dans le cadre du Programme de recherche sur la pr\u00e9paration et la r\u00e9ponse aux \u00e9pid\u00e9mies (PREPARE) ont d\u00e9couvert que la maladie pourrait \u00eatre d&rsquo;une gravit\u00e9 comparable \u00e0 celle d&rsquo;autres infections virales respiratoires (IVR) plus connues, telles que la grippe et le COVID-19.<\/p>\n<p>Dans trois \u00e9tudes de grande cohorte, les chercheurs ont examin\u00e9 la gravit\u00e9 du VRS, le risque de complications cardiaques et les complications \u00e0 long terme chez les patients pr\u00e9sentant des infections \u00e0 VRS suffisamment graves pour n\u00e9cessiter une hospitalisation, par rapport aux hospitalisations pour la grippe et le COVID-19. Dans les trois \u00e9tudes, il a \u00e9t\u00e9 constat\u00e9 que le VRS \u00e9tait d\u2019une gravit\u00e9 comparable \u00e0 celle de la grippe et du COVID-19.<\/p>\n<p>Le Dr Ian Wee, consultant au D\u00e9partement des maladies infectieuses du SGH et responsable adjoint du groupe Bases de donn\u00e9es, PREPARE, et premier auteur des trois articles, a d\u00e9clar\u00e9 : \u00ab Avec environ cinq \u00e0 dix pour cent des personnes pr\u00e9sentant des sympt\u00f4mes pseudo-grippaux ayant le virus respiratoire syncytial, cela n&rsquo;est peut-\u00eatre pas aussi courant que la grippe ou le COVID-19, et des recherches suppl\u00e9mentaires sur la maladie sont n\u00e9cessaires. La transmission du RSV se produit toute l\u2019ann\u00e9e. \u00bb<\/p>\n<h2>Gravit\u00e9 de la maladie<\/h2>\n<p>Publi\u00e9 dans <i>The Lancet Regional Health &#8211; Pacifique occidental<\/i>la premi\u00e8re \u00e9tude a examin\u00e9 pr\u00e8s de 13\u00a0000 hospitalisations d\u2019adultes pour le VRS, le COVID-19 et la grippe, et a compar\u00e9 le risque de mortalit\u00e9 \u00e0 28 jours et d\u2019admission en unit\u00e9 de soins intensifs, qui sont des indicateurs de gravit\u00e9. Parmi les patients hospitalis\u00e9s pour le VRS, environ un sur 20 est d\u00e9c\u00e9d\u00e9 dans les 28 jours suivant son admission \u00e0 l\u2019h\u00f4pital.<\/p>\n<p>Dans l\u2019ensemble, les hospitalisations dues au VRS \u00e9taient plus graves que celles li\u00e9es \u00e0 la grippe, avec des taux de mortalit\u00e9 plus \u00e9lev\u00e9s et davantage d\u2019admissions en soins intensifs. Le VRS \u00e9tait d\u2019une gravit\u00e9 comparable \u00e0 celle d\u2019une hospitalisation pour COVID-19 chez les personnes pr\u00e9alablement vaccin\u00e9es contre le COVID-19\u00a0; l&rsquo;\u00e9tude \u00e9tait ant\u00e9rieure \u00e0 la disponibilit\u00e9 de la vaccination contre le RSV \u00e0 Singapour.<\/p>\n<h2>Risque de complications cardiaques<\/h2>\n<p>La deuxi\u00e8me \u00e9tude, publi\u00e9e dans <i>R\u00e9seau JAMA ouvert<\/i>ont compar\u00e9 le risque de complications cardiaques aigu\u00ebs, d\u00e9finies comme tout \u00e9v\u00e9nement cardiaque, c\u00e9r\u00e9brovasculaire ou thrombotique, tel qu&rsquo;un rythme cardiaque anormal ou irr\u00e9gulier, une insuffisance cardiaque, un accident vasculaire c\u00e9r\u00e9bral, une thrombose veineuse profonde ou une embolie pulmonaire.<\/p>\n<p>En \u00e9valuant pr\u00e8s de 33\u00a0000 hospitalisations d\u2019adultes pour le VRS, le COVID-19 et la grippe, un peu plus d\u2019une hospitalisation par VRS sur dix a eu un \u00e9v\u00e9nement cardiovasculaire aigu. Ces chances \u00e9taient significativement plus \u00e9lev\u00e9es que pour les patients hospitalis\u00e9s pour le COVID-19, ainsi que pour les patients hospitalis\u00e9s pour la grippe gr\u00e2ce \u00e0 une d\u00e9couverte vaccinale.<\/p>\n<h2>Complications \u00e0 long terme<\/h2>\n<p>La troisi\u00e8me \u00e9tude a examin\u00e9 les complications \u00e0 long terme cons\u00e9cutives \u00e0 une infection par le VRS chez les adultes et les enfants. Publi\u00e9 dans <i>Microbiologie clinique et infection<\/i>elle a \u00e9tudi\u00e9 environ 83 000 adultes hospitalis\u00e9s en raison d&rsquo;une IVR.<\/p>\n<p>Chez les adultes hospitalis\u00e9s pour le VRS, un risque accru de complications cardiovasculaires et neurologiques \u00e0 long terme a \u00e9t\u00e9 observ\u00e9 jusqu&rsquo;\u00e0 300 jours apr\u00e8s l&rsquo;hospitalisation. Cette \u00e9tude a \u00e9galement \u00e9valu\u00e9 les hospitalisations p\u00e9diatriques pour RVI chez 24\u00a0340 patients \u00e2g\u00e9s de 0 \u00e0 17 ans et a r\u00e9v\u00e9l\u00e9 qu&rsquo;il y avait un risque plus \u00e9lev\u00e9 de complications respiratoires post-aigu\u00ebs telles qu&rsquo;une respiration sifflante\/bronchite apr\u00e8s une hospitalisation pour VRS, par rapport au COVID-19\/grippe.<\/p>\n<h2>Comprendre les RVI et le RSV<\/h2>\n<p>Les IVR sont des infections caus\u00e9es par des virus qui affectent le syst\u00e8me respiratoire, du nez et de la gorge aux voies respiratoires et aux poumons. Au-del\u00e0 du VRS, de la grippe et du COVID-19, d\u2019autres virus peuvent \u00e9galement provoquer des infections respiratoires. Les sympt\u00f4mes courants des IVR comprennent la toux, les maux de gorge et la congestion nasale\u00a0; bien que b\u00e9nigne et spontan\u00e9ment r\u00e9solutive dans la plupart des cas, une \u00e9volution vers une maladie plus grave (par exemple, pneumonie ou insuffisance respiratoire) peut survenir, en particulier parmi les groupes \u00e0 risque.<\/p>\n<p>Le VRS est un virus respiratoire qui provoque des sympt\u00f4mes caract\u00e9ristiques de la grippe, notamment un \u00e9coulement nasal et un mal de gorge. Comme d\u2019autres virus respiratoires, il se propage par contact \u00e9troit, par exposition \u00e0 des gouttelettes respiratoires provenant de la toux ou des \u00e9ternuements, ou par des objets et surfaces contamin\u00e9s.<\/p>\n<p>La plupart des individus ne pr\u00e9sentent que des sympt\u00f4mes l\u00e9gers\u00a0; cependant, les jeunes enfants, les personnes \u00e2g\u00e9es, les personnes immunod\u00e9prim\u00e9es ou celles qui souffrent de probl\u00e8mes respiratoires ou cardiaques courent un risque plus \u00e9lev\u00e9 de contracter le VRS grave.<\/p>\n<p>Le Dr Wee a ajout\u00e9 : \u00ab Un point commun aux trois \u00e9tudes \u00e9tait que les jeunes enfants et les patients \u00e2g\u00e9s sont confront\u00e9s au plus grand risque de complications \u00e0 court et \u00e0 long terme suite \u00e0 des infections virales respiratoires, en particulier ceux ayant des probl\u00e8mes m\u00e9dicaux pr\u00e9existants.<\/p>\n<p>\u00ab Le VRS peut avoir un impact important sur la sant\u00e9, et les personnes \u00e0 risque doivent rester vigilantes et discuter de la protection contre le VRS avec leurs prestataires de soins de sant\u00e9. Le public devrait \u00e9galement se prot\u00e9ger contre toutes les IVR en maintenant une bonne hygi\u00e8ne personnelle, comme en pratiquant l&rsquo;hygi\u00e8ne des mains, en restant \u00e0 la maison en cas de malaise et en portant un masque s&rsquo;il doit quitter la maison en cas de sympt\u00f4mes.<\/p>\n<p>                                        <!-- print only --><\/p><\/div>\n","protected":false},"excerpt":{"rendered":"<p>Souvent confondu avec un rhume, le virus respiratoire syncytial (VRS) peut en fait \u00eatre grave<\/p>\n","protected":false},"author":1,"featured_media":4245,"comment_status":"closed","ping_status":"","sticky":false,"template":"","format":"standard","meta":{"footnotes":""},"categories":[86],"tags":[16,1041,1373,2594,619,99,212,343,112,1637,1154],"class_list":["post-11470","post","type-post","status-publish","format-standard","has-post-thumbnail","hentry","category-les-maladies","tag-des","tag-etudes","tag-gravite","tag-impact","tag-long","tag-montrent","tag-sante","tag-son","tag-sur","tag-terme","tag-vrs","generate-columns","tablet-grid-50","mobile-grid-100","grid-parent","grid-50","resize-featured-image"],"yoast_head":"<!-- This site is optimized with the Yoast SEO plugin v23.4 - https:\/\/yoast.com\/wordpress\/plugins\/seo\/ -->\n<title>Des \u00e9tudes montrent la gravit\u00e9 du VRS et son impact sur la sant\u00e9 \u00e0 long terme - RVH-Synergie.org<\/title>\n<meta name=\"robots\" content=\"index, follow, max-snippet:-1, max-image-preview:large, max-video-preview:-1\" \/>\n<link rel=\"canonical\" href=\"https:\/\/rvh-synergie.org\/actualites\/des-etudes-montrent-la-gravite-du-vrs-et-son-impact-sur-la-sante-a-long-terme\/\" \/>\n<meta property=\"og:locale\" content=\"fr_FR\" \/>\n<meta property=\"og:type\" content=\"article\" \/>\n<meta property=\"og:title\" content=\"Des \u00e9tudes montrent la gravit\u00e9 du VRS et son impact sur la sant\u00e9 \u00e0 long terme - RVH-Synergie.org\" \/>\n<meta property=\"og:description\" content=\"Souvent confondu avec un rhume, le virus respiratoire syncytial (VRS) peut en fait \u00eatre grave\" \/>\n<meta property=\"og:url\" content=\"https:\/\/rvh-synergie.org\/actualites\/des-etudes-montrent-la-gravite-du-vrs-et-son-impact-sur-la-sante-a-long-terme\/\" \/>\n<meta property=\"og:site_name\" content=\"RVH-Synergie\" \/>\n<meta property=\"article:published_time\" content=\"2025-11-07T04:06:44+00:00\" \/>\n<meta property=\"og:image\" content=\"https:\/\/rvh-synergie.org\/actualites\/wp-content\/uploads\/2025\/02\/1739365094_Pire-saison-de-grippe-pendant-les-annees-marecageuses-en-Californie-scaled.jpg\" \/>\n\t<meta property=\"og:image:width\" content=\"2560\" \/>\n\t<meta property=\"og:image:height\" content=\"1707\" \/>\n\t<meta property=\"og:image:type\" content=\"image\/jpeg\" \/>\n<meta name=\"author\" content=\"Charles Martinez\" \/>\n<meta name=\"twitter:card\" content=\"summary_large_image\" \/>\n<meta name=\"twitter:label1\" content=\"\u00c9crit par\" \/>\n\t<meta name=\"twitter:data1\" content=\"Charles Martinez\" \/>\n\t<meta name=\"twitter:label2\" content=\"Dur\u00e9e de lecture estim\u00e9e\" \/>\n\t<meta name=\"twitter:data2\" content=\"5 minutes\" \/>\n<script type=\"application\/ld+json\" class=\"yoast-schema-graph\">{\"@context\":\"https:\/\/schema.org\",\"@graph\":[{\"@type\":\"Article\",\"@id\":\"https:\/\/rvh-synergie.org\/actualites\/des-etudes-montrent-la-gravite-du-vrs-et-son-impact-sur-la-sante-a-long-terme\/#article\",\"isPartOf\":{\"@id\":\"https:\/\/rvh-synergie.org\/actualites\/des-etudes-montrent-la-gravite-du-vrs-et-son-impact-sur-la-sante-a-long-terme\/\"},\"author\":{\"name\":\"Charles Martinez\",\"@id\":\"https:\/\/rvh-synergie.org\/actualites\/#\/schema\/person\/aa5ea98671fb4e8620f488a0795d2560\"},\"headline\":\"Des \u00e9tudes montrent la gravit\u00e9 du VRS et son impact sur la sant\u00e9 \u00e0 long terme\",\"datePublished\":\"2025-11-07T04:06:44+00:00\",\"dateModified\":\"2025-11-07T04:06:44+00:00\",\"mainEntityOfPage\":{\"@id\":\"https:\/\/rvh-synergie.org\/actualites\/des-etudes-montrent-la-gravite-du-vrs-et-son-impact-sur-la-sante-a-long-terme\/\"},\"wordCount\":994,\"publisher\":{\"@id\":\"https:\/\/rvh-synergie.org\/actualites\/#organization\"},\"image\":{\"@id\":\"https:\/\/rvh-synergie.org\/actualites\/des-etudes-montrent-la-gravite-du-vrs-et-son-impact-sur-la-sante-a-long-terme\/#primaryimage\"},\"thumbnailUrl\":\"https:\/\/rvh-synergie.org\/actualites\/wp-content\/uploads\/2025\/02\/1739365094_Pire-saison-de-grippe-pendant-les-annees-marecageuses-en-Californie-scaled.jpg\",\"keywords\":[\"des\",\"\u00e9tudes\",\"gravit\u00e9\",\"impact\",\"long\",\"montrent\",\"sant\u00e9\",\"son\",\"sur\",\"terme\",\"VRS\"],\"articleSection\":[\"Les maladies\"],\"inLanguage\":\"fr-FR\"},{\"@type\":\"WebPage\",\"@id\":\"https:\/\/rvh-synergie.org\/actualites\/des-etudes-montrent-la-gravite-du-vrs-et-son-impact-sur-la-sante-a-long-terme\/\",\"url\":\"https:\/\/rvh-synergie.org\/actualites\/des-etudes-montrent-la-gravite-du-vrs-et-son-impact-sur-la-sante-a-long-terme\/\",\"name\":\"Des \u00e9tudes montrent la gravit\u00e9 du VRS et son impact sur la sant\u00e9 \u00e0 long terme - RVH-Synergie.org\",\"isPartOf\":{\"@id\":\"https:\/\/rvh-synergie.org\/actualites\/#website\"},\"primaryImageOfPage\":{\"@id\":\"https:\/\/rvh-synergie.org\/actualites\/des-etudes-montrent-la-gravite-du-vrs-et-son-impact-sur-la-sante-a-long-terme\/#primaryimage\"},\"image\":{\"@id\":\"https:\/\/rvh-synergie.org\/actualites\/des-etudes-montrent-la-gravite-du-vrs-et-son-impact-sur-la-sante-a-long-terme\/#primaryimage\"},\"thumbnailUrl\":\"https:\/\/rvh-synergie.org\/actualites\/wp-content\/uploads\/2025\/02\/1739365094_Pire-saison-de-grippe-pendant-les-annees-marecageuses-en-Californie-scaled.jpg\",\"datePublished\":\"2025-11-07T04:06:44+00:00\",\"dateModified\":\"2025-11-07T04:06:44+00:00\",\"breadcrumb\":{\"@id\":\"https:\/\/rvh-synergie.org\/actualites\/des-etudes-montrent-la-gravite-du-vrs-et-son-impact-sur-la-sante-a-long-terme\/#breadcrumb\"},\"inLanguage\":\"fr-FR\",\"potentialAction\":[{\"@type\":\"ReadAction\",\"target\":[\"https:\/\/rvh-synergie.org\/actualites\/des-etudes-montrent-la-gravite-du-vrs-et-son-impact-sur-la-sante-a-long-terme\/\"]}]},{\"@type\":\"ImageObject\",\"inLanguage\":\"fr-FR\",\"@id\":\"https:\/\/rvh-synergie.org\/actualites\/des-etudes-montrent-la-gravite-du-vrs-et-son-impact-sur-la-sante-a-long-terme\/#primaryimage\",\"url\":\"https:\/\/rvh-synergie.org\/actualites\/wp-content\/uploads\/2025\/02\/1739365094_Pire-saison-de-grippe-pendant-les-annees-marecageuses-en-Californie-scaled.jpg\",\"contentUrl\":\"https:\/\/rvh-synergie.org\/actualites\/wp-content\/uploads\/2025\/02\/1739365094_Pire-saison-de-grippe-pendant-les-annees-marecageuses-en-Californie-scaled.jpg\",\"width\":2560,\"height\":1707,\"caption\":\"Pire saison de grippe pendant les ann\u00e9es mar\u00e9cageuses en Californie: \u00abparticuli\u00e8rement long et difficile\u00bb\"},{\"@type\":\"BreadcrumbList\",\"@id\":\"https:\/\/rvh-synergie.org\/actualites\/des-etudes-montrent-la-gravite-du-vrs-et-son-impact-sur-la-sante-a-long-terme\/#breadcrumb\",\"itemListElement\":[{\"@type\":\"ListItem\",\"position\":1,\"name\":\"Accueil\",\"item\":\"https:\/\/rvh-synergie.org\/actualites\/\"},{\"@type\":\"ListItem\",\"position\":2,\"name\":\"Des \u00e9tudes montrent la gravit\u00e9 du VRS et son impact sur la sant\u00e9 \u00e0 long terme\"}]},{\"@type\":\"WebSite\",\"@id\":\"https:\/\/rvh-synergie.org\/actualites\/#website\",\"url\":\"https:\/\/rvh-synergie.org\/actualites\/\",\"name\":\"RVH-Synergie.org\",\"description\":\"RVH-Synergie, site ind\u00e9pendant d&#039;informations sur la prise en charge des addictions.\",\"publisher\":{\"@id\":\"https:\/\/rvh-synergie.org\/actualites\/#organization\"},\"potentialAction\":[{\"@type\":\"SearchAction\",\"target\":{\"@type\":\"EntryPoint\",\"urlTemplate\":\"https:\/\/rvh-synergie.org\/actualites\/?s={search_term_string}\"},\"query-input\":{\"@type\":\"PropertyValueSpecification\",\"valueRequired\":true,\"valueName\":\"search_term_string\"}}],\"inLanguage\":\"fr-FR\"},{\"@type\":\"Organization\",\"@id\":\"https:\/\/rvh-synergie.org\/actualites\/#organization\",\"name\":\"RVH-Synergie.org\",\"url\":\"https:\/\/rvh-synergie.org\/actualites\/\",\"logo\":{\"@type\":\"ImageObject\",\"inLanguage\":\"fr-FR\",\"@id\":\"https:\/\/rvh-synergie.org\/actualites\/#\/schema\/logo\/image\/\",\"url\":\"https:\/\/rvh-synergie.org\/actualites\/wp-content\/uploads\/2024\/09\/favicon.png\",\"contentUrl\":\"https:\/\/rvh-synergie.org\/actualites\/wp-content\/uploads\/2024\/09\/favicon.png\",\"width\":512,\"height\":512,\"caption\":\"RVH-Synergie.org\"},\"image\":{\"@id\":\"https:\/\/rvh-synergie.org\/actualites\/#\/schema\/logo\/image\/\"}},{\"@type\":\"Person\",\"@id\":\"https:\/\/rvh-synergie.org\/actualites\/#\/schema\/person\/aa5ea98671fb4e8620f488a0795d2560\",\"name\":\"Charles Martinez\",\"image\":{\"@type\":\"ImageObject\",\"inLanguage\":\"fr-FR\",\"@id\":\"https:\/\/rvh-synergie.org\/actualites\/#\/schema\/person\/image\/\",\"url\":\"https:\/\/rvh-synergie.org\/actualites\/wp-content\/uploads\/2024\/09\/charles-martinez-scaled.jpg\",\"contentUrl\":\"https:\/\/rvh-synergie.org\/actualites\/wp-content\/uploads\/2024\/09\/charles-martinez-scaled.jpg\",\"caption\":\"Charles Martinez\"},\"description\":\"Bonjour, je m'appelle Charles Martinez, r\u00e9dacteur passionn\u00e9 pour le m\u00e9dia RVH-synergie.org, d\u00e9di\u00e9 aux addictions et aux maladies. Depuis plus de dix ans, j'explore et rapporte les histoires poignantes des individus confront\u00e9s \u00e0 ces d\u00e9fis, tout en sensibilisant le public aux traitements novateurs et aux progr\u00e8s scientifiques dans ce domaine. Mon engagement r\u00e9side dans l'espoir de cr\u00e9er une communaut\u00e9 inform\u00e9e et empathique, pr\u00eate \u00e0 soutenir ceux qui luttent contre ces \u00e9preuves.\",\"sameAs\":[\"https:\/\/rvh-synergie.org\/\"]}]}<\/script>\n<!-- \/ Yoast SEO plugin. -->","yoast_head_json":{"title":"Des \u00e9tudes montrent la gravit\u00e9 du VRS et son impact sur la sant\u00e9 \u00e0 long terme - RVH-Synergie.org","robots":{"index":"index","follow":"follow","max-snippet":"max-snippet:-1","max-image-preview":"max-image-preview:large","max-video-preview":"max-video-preview:-1"},"canonical":"https:\/\/rvh-synergie.org\/actualites\/des-etudes-montrent-la-gravite-du-vrs-et-son-impact-sur-la-sante-a-long-terme\/","og_locale":"fr_FR","og_type":"article","og_title":"Des \u00e9tudes montrent la gravit\u00e9 du VRS et son impact sur la sant\u00e9 \u00e0 long terme - RVH-Synergie.org","og_description":"Souvent confondu avec un rhume, le virus respiratoire syncytial (VRS) peut en fait \u00eatre grave","og_url":"https:\/\/rvh-synergie.org\/actualites\/des-etudes-montrent-la-gravite-du-vrs-et-son-impact-sur-la-sante-a-long-terme\/","og_site_name":"RVH-Synergie","article_published_time":"2025-11-07T04:06:44+00:00","og_image":[{"width":2560,"height":1707,"url":"https:\/\/rvh-synergie.org\/actualites\/wp-content\/uploads\/2025\/02\/1739365094_Pire-saison-de-grippe-pendant-les-annees-marecageuses-en-Californie-scaled.jpg","type":"image\/jpeg"}],"author":"Charles Martinez","twitter_card":"summary_large_image","twitter_misc":{"\u00c9crit par":"Charles Martinez","Dur\u00e9e de lecture estim\u00e9e":"5 minutes"},"schema":{"@context":"https:\/\/schema.org","@graph":[{"@type":"Article","@id":"https:\/\/rvh-synergie.org\/actualites\/des-etudes-montrent-la-gravite-du-vrs-et-son-impact-sur-la-sante-a-long-terme\/#article","isPartOf":{"@id":"https:\/\/rvh-synergie.org\/actualites\/des-etudes-montrent-la-gravite-du-vrs-et-son-impact-sur-la-sante-a-long-terme\/"},"author":{"name":"Charles Martinez","@id":"https:\/\/rvh-synergie.org\/actualites\/#\/schema\/person\/aa5ea98671fb4e8620f488a0795d2560"},"headline":"Des \u00e9tudes montrent la gravit\u00e9 du VRS et son impact sur la sant\u00e9 \u00e0 long terme","datePublished":"2025-11-07T04:06:44+00:00","dateModified":"2025-11-07T04:06:44+00:00","mainEntityOfPage":{"@id":"https:\/\/rvh-synergie.org\/actualites\/des-etudes-montrent-la-gravite-du-vrs-et-son-impact-sur-la-sante-a-long-terme\/"},"wordCount":994,"publisher":{"@id":"https:\/\/rvh-synergie.org\/actualites\/#organization"},"image":{"@id":"https:\/\/rvh-synergie.org\/actualites\/des-etudes-montrent-la-gravite-du-vrs-et-son-impact-sur-la-sante-a-long-terme\/#primaryimage"},"thumbnailUrl":"https:\/\/rvh-synergie.org\/actualites\/wp-content\/uploads\/2025\/02\/1739365094_Pire-saison-de-grippe-pendant-les-annees-marecageuses-en-Californie-scaled.jpg","keywords":["des","\u00e9tudes","gravit\u00e9","impact","long","montrent","sant\u00e9","son","sur","terme","VRS"],"articleSection":["Les maladies"],"inLanguage":"fr-FR"},{"@type":"WebPage","@id":"https:\/\/rvh-synergie.org\/actualites\/des-etudes-montrent-la-gravite-du-vrs-et-son-impact-sur-la-sante-a-long-terme\/","url":"https:\/\/rvh-synergie.org\/actualites\/des-etudes-montrent-la-gravite-du-vrs-et-son-impact-sur-la-sante-a-long-terme\/","name":"Des \u00e9tudes montrent la gravit\u00e9 du VRS et son impact sur la sant\u00e9 \u00e0 long terme - RVH-Synergie.org","isPartOf":{"@id":"https:\/\/rvh-synergie.org\/actualites\/#website"},"primaryImageOfPage":{"@id":"https:\/\/rvh-synergie.org\/actualites\/des-etudes-montrent-la-gravite-du-vrs-et-son-impact-sur-la-sante-a-long-terme\/#primaryimage"},"image":{"@id":"https:\/\/rvh-synergie.org\/actualites\/des-etudes-montrent-la-gravite-du-vrs-et-son-impact-sur-la-sante-a-long-terme\/#primaryimage"},"thumbnailUrl":"https:\/\/rvh-synergie.org\/actualites\/wp-content\/uploads\/2025\/02\/1739365094_Pire-saison-de-grippe-pendant-les-annees-marecageuses-en-Californie-scaled.jpg","datePublished":"2025-11-07T04:06:44+00:00","dateModified":"2025-11-07T04:06:44+00:00","breadcrumb":{"@id":"https:\/\/rvh-synergie.org\/actualites\/des-etudes-montrent-la-gravite-du-vrs-et-son-impact-sur-la-sante-a-long-terme\/#breadcrumb"},"inLanguage":"fr-FR","potentialAction":[{"@type":"ReadAction","target":["https:\/\/rvh-synergie.org\/actualites\/des-etudes-montrent-la-gravite-du-vrs-et-son-impact-sur-la-sante-a-long-terme\/"]}]},{"@type":"ImageObject","inLanguage":"fr-FR","@id":"https:\/\/rvh-synergie.org\/actualites\/des-etudes-montrent-la-gravite-du-vrs-et-son-impact-sur-la-sante-a-long-terme\/#primaryimage","url":"https:\/\/rvh-synergie.org\/actualites\/wp-content\/uploads\/2025\/02\/1739365094_Pire-saison-de-grippe-pendant-les-annees-marecageuses-en-Californie-scaled.jpg","contentUrl":"https:\/\/rvh-synergie.org\/actualites\/wp-content\/uploads\/2025\/02\/1739365094_Pire-saison-de-grippe-pendant-les-annees-marecageuses-en-Californie-scaled.jpg","width":2560,"height":1707,"caption":"Pire saison de grippe pendant les ann\u00e9es mar\u00e9cageuses en Californie: \u00abparticuli\u00e8rement long et difficile\u00bb"},{"@type":"BreadcrumbList","@id":"https:\/\/rvh-synergie.org\/actualites\/des-etudes-montrent-la-gravite-du-vrs-et-son-impact-sur-la-sante-a-long-terme\/#breadcrumb","itemListElement":[{"@type":"ListItem","position":1,"name":"Accueil","item":"https:\/\/rvh-synergie.org\/actualites\/"},{"@type":"ListItem","position":2,"name":"Des \u00e9tudes montrent la gravit\u00e9 du VRS et son impact sur la sant\u00e9 \u00e0 long terme"}]},{"@type":"WebSite","@id":"https:\/\/rvh-synergie.org\/actualites\/#website","url":"https:\/\/rvh-synergie.org\/actualites\/","name":"RVH-Synergie.org","description":"RVH-Synergie, site ind\u00e9pendant d&#039;informations sur la prise en charge des addictions.","publisher":{"@id":"https:\/\/rvh-synergie.org\/actualites\/#organization"},"potentialAction":[{"@type":"SearchAction","target":{"@type":"EntryPoint","urlTemplate":"https:\/\/rvh-synergie.org\/actualites\/?s={search_term_string}"},"query-input":{"@type":"PropertyValueSpecification","valueRequired":true,"valueName":"search_term_string"}}],"inLanguage":"fr-FR"},{"@type":"Organization","@id":"https:\/\/rvh-synergie.org\/actualites\/#organization","name":"RVH-Synergie.org","url":"https:\/\/rvh-synergie.org\/actualites\/","logo":{"@type":"ImageObject","inLanguage":"fr-FR","@id":"https:\/\/rvh-synergie.org\/actualites\/#\/schema\/logo\/image\/","url":"https:\/\/rvh-synergie.org\/actualites\/wp-content\/uploads\/2024\/09\/favicon.png","contentUrl":"https:\/\/rvh-synergie.org\/actualites\/wp-content\/uploads\/2024\/09\/favicon.png","width":512,"height":512,"caption":"RVH-Synergie.org"},"image":{"@id":"https:\/\/rvh-synergie.org\/actualites\/#\/schema\/logo\/image\/"}},{"@type":"Person","@id":"https:\/\/rvh-synergie.org\/actualites\/#\/schema\/person\/aa5ea98671fb4e8620f488a0795d2560","name":"Charles Martinez","image":{"@type":"ImageObject","inLanguage":"fr-FR","@id":"https:\/\/rvh-synergie.org\/actualites\/#\/schema\/person\/image\/","url":"https:\/\/rvh-synergie.org\/actualites\/wp-content\/uploads\/2024\/09\/charles-martinez-scaled.jpg","contentUrl":"https:\/\/rvh-synergie.org\/actualites\/wp-content\/uploads\/2024\/09\/charles-martinez-scaled.jpg","caption":"Charles Martinez"},"description":"Bonjour, je m'appelle Charles Martinez, r\u00e9dacteur passionn\u00e9 pour le m\u00e9dia RVH-synergie.org, d\u00e9di\u00e9 aux addictions et aux maladies. Depuis plus de dix ans, j'explore et rapporte les histoires poignantes des individus confront\u00e9s \u00e0 ces d\u00e9fis, tout en sensibilisant le public aux traitements novateurs et aux progr\u00e8s scientifiques dans ce domaine. Mon engagement r\u00e9side dans l'espoir de cr\u00e9er une communaut\u00e9 inform\u00e9e et empathique, pr\u00eate \u00e0 soutenir ceux qui luttent contre ces \u00e9preuves.","sameAs":["https:\/\/rvh-synergie.org\/"]}]}},"_links":{"self":[{"href":"https:\/\/rvh-synergie.org\/actualites\/wp-json\/wp\/v2\/posts\/11470","targetHints":{"allow":["GET"]}}],"collection":[{"href":"https:\/\/rvh-synergie.org\/actualites\/wp-json\/wp\/v2\/posts"}],"about":[{"href":"https:\/\/rvh-synergie.org\/actualites\/wp-json\/wp\/v2\/types\/post"}],"author":[{"embeddable":true,"href":"https:\/\/rvh-synergie.org\/actualites\/wp-json\/wp\/v2\/users\/1"}],"replies":[{"embeddable":true,"href":"https:\/\/rvh-synergie.org\/actualites\/wp-json\/wp\/v2\/comments?post=11470"}],"version-history":[{"count":0,"href":"https:\/\/rvh-synergie.org\/actualites\/wp-json\/wp\/v2\/posts\/11470\/revisions"}],"wp:featuredmedia":[{"embeddable":true,"href":"https:\/\/rvh-synergie.org\/actualites\/wp-json\/wp\/v2\/media\/4245"}],"wp:attachment":[{"href":"https:\/\/rvh-synergie.org\/actualites\/wp-json\/wp\/v2\/media?parent=11470"}],"wp:term":[{"taxonomy":"category","embeddable":true,"href":"https:\/\/rvh-synergie.org\/actualites\/wp-json\/wp\/v2\/categories?post=11470"},{"taxonomy":"post_tag","embeddable":true,"href":"https:\/\/rvh-synergie.org\/actualites\/wp-json\/wp\/v2\/tags?post=11470"}],"curies":[{"name":"wp","href":"https:\/\/api.w.org\/{rel}","templated":true}]}}