{"id":11464,"date":"2025-11-07T03:45:28","date_gmt":"2025-11-07T02:45:28","guid":{"rendered":"https:\/\/rvh-synergie.org\/actualites\/la-resurgence-de-la-rage-au-perou-met-en-evidence-les-menaces-mondiales-dinequite-en-matiere-de-sante\/"},"modified":"2025-11-07T03:45:38","modified_gmt":"2025-11-07T02:45:38","slug":"la-resurgence-de-la-rage-au-perou-met-en-evidence-les-menaces-mondiales-dinequite-en-matiere-de-sante","status":"publish","type":"post","link":"https:\/\/rvh-synergie.org\/actualites\/la-resurgence-de-la-rage-au-perou-met-en-evidence-les-menaces-mondiales-dinequite-en-matiere-de-sante\/","title":{"rendered":"La r\u00e9surgence de la rage au P\u00e9rou met en \u00e9vidence les menaces mondiales d\u2019in\u00e9quit\u00e9 en mati\u00e8re de sant\u00e9"},"content":{"rendered":"<div>\n<div class=\"article-gallery lightGallery\">\n<div data-thumb=\"https:\/\/scx1.b-cdn.net\/csz\/news\/tmb\/2025\/rabies-in-peru-highlig.jpg\" data-src=\"https:\/\/scx2.b-cdn.net\/gfx\/news\/hires\/2025\/rabies-in-peru-highlig.jpg\" data-sub-html=\"Maps depicting the confirmed cases of canine rabies (a), surveillance effort by locality (b), and block-level socioeconomic status (c). Credit: &lt;i&gt;The Lancet Regional Health - Americas&lt;\/i&gt; (2025). DOI: 10.1016\/j.lana.2025.101285\">\n<figure class=\"article-img\">\n<\/figure><\/div>\n<\/div>\n<p>Un aper\u00e7u de ce qui manque peut-\u00eatre \u00e0 la deuxi\u00e8me plus grande ville du P\u00e9rou dans ses efforts de d\u00e9tection de la rage pourrait fournir au reste du monde un aper\u00e7u d&rsquo;une maladie qui tue encore 70 000 personnes par an. Une \u00e9quipe dirig\u00e9e par des chercheurs de l&rsquo;\u00c9cole de m\u00e9decine Perelman de l&rsquo;Universit\u00e9 de Pennsylvanie a constat\u00e9 que les efforts visant \u00e0 suivre la rage li\u00e9e aux chiens dans les zones les plus pauvres \u00e9taient insuffisants, m\u00eame si l&rsquo;on y trouvait davantage de chiens atteints de la maladie que dans les quartiers plus riches.<\/p>\n<p>\u00ab\u00a0Les personnes les plus \u00e0 risque \u00e9taient \u00e9galement les moins &lsquo;vues&rsquo; par le syst\u00e8me de surveillance\u00a0\u00bb, a d\u00e9clar\u00e9 Ricardo Castillo, Ph.D., DVM, MSPH, professeur adjoint d&rsquo;\u00e9pid\u00e9miologie et auteur principal d&rsquo;un nouveau rapport dans <i>The Lancet Regional Health \u2013 Am\u00e9riques<\/i>.<\/p>\n<p>Castillo esp\u00e8re que le travail r\u00e9alis\u00e9 par lui et ses coll\u00e8gues contribuera \u00e0 promouvoir de meilleures m\u00e9thodes de contr\u00f4le de la rage et des maladies d&rsquo;origine animale, en g\u00e9n\u00e9ral, et incitera les responsables de la sant\u00e9 publique \u00e0 \u00e9valuer leurs m\u00e9thodes en termes d&rsquo;\u00e9quit\u00e9.<\/p>\n<h2>Surveiller \u00e0 nouveau la rage chez les chiens<\/h2>\n<p>La rage canine a \u00e9t\u00e9 \u00e9radiqu\u00e9e au P\u00e9rou depuis de nombreuses ann\u00e9es, mais elle a r\u00e9apparu r\u00e9cemment, ce qui constitue une pr\u00e9occupation majeure pour les personnes qui y vivent : les chiens sont responsables de 99 % des cas de rage enregistr\u00e9s dans le monde. Ainsi, le suivi des cas est essentiel pour pr\u00e9venir les \u00e9pid\u00e9mies de la maladie chez les humains.<\/p>\n<p>\u00c0 Arequipa, au P\u00e9rou, o\u00f9 les chercheurs ont bas\u00e9 leur \u00e9tude, la surveillance de la rage est largement li\u00e9e \u00e0 une strat\u00e9gie \u00ab passive \u00bb qui repose sur le fait que les gens signalent les chiens morts qu&rsquo;ils voient aux \u00e9tablissements de sant\u00e9 locaux pour la collecte d&rsquo;\u00e9chantillons et les tests. Cependant, ce syst\u00e8me passif peut poser un probl\u00e8me particulier pour les quartiers d\u00e9favoris\u00e9s.<\/p>\n<p>\u00ab\u00a0Ces zones manquent souvent d&rsquo;installations \u00e0 proximit\u00e9 et les r\u00e9sidents peuvent avoir des emplois informels, un temps limit\u00e9 et une moindre sensibilisation \u00e0 la rage\u00a0\u00bb, a expliqu\u00e9 Castillo. \u00ab\u00a0Il y a \u00e9galement moins de personnel v\u00e9t\u00e9rinaire et de sant\u00e9 publique dans ces zones. Il existe donc des barri\u00e8res structurelles et des in\u00e9galit\u00e9s g\u00e9ographiques. Lorsque la rage canine est r\u00e9apparue, j&rsquo;ai r\u00e9alis\u00e9 que ce sont ces diff\u00e9rences sociales et spatiales qui permettaient \u00e0 la rage de persister.\u00a0\u00bb<\/p>\n<p>Sachant cela, Castillo et son \u00e9quipe ont mis en place un syst\u00e8me de surveillance \u00ab active \u00bb qui a d\u00e9but\u00e9 en 2021 en partenariat avec l&rsquo;Universit\u00e9 Cayetano Heredia de Lima, au P\u00e9rou. Ce syst\u00e8me utilisait des patrouilles r\u00e9guli\u00e8res dans les canaux d&rsquo;eau ass\u00e9ch\u00e9s d&rsquo;Arequipa (zones o\u00f9 l&rsquo;on trouve souvent des cadavres de chiens) pour compl\u00e9ter le syst\u00e8me de signalement passif. L\u2019\u00e9tude a montr\u00e9 qu\u2019en 2021 et 2022, le syst\u00e8me actif repr\u00e9sentait environ un tiers de tous les \u00e9chantillons collect\u00e9s.<\/p>\n<h2>Se concentrer sur les bons endroits<\/h2>\n<p>Pour \u00e9valuer si les efforts de surveillance \u00e9taient r\u00e9ellement concentr\u00e9s sur les bons endroits, les chercheurs ont \u00e9valu\u00e9 les donn\u00e9es de 2015 \u00e0 2022. Ils ont suivi l&rsquo;endroit d&rsquo;o\u00f9 les \u00e9chantillons avaient \u00e9t\u00e9 pr\u00e9lev\u00e9s, en les attribuant aux blocs dont ils \u00e9taient les plus proches.<\/p>\n<p>Dans le m\u00eame temps, ils ont calcul\u00e9 le statut socio-\u00e9conomique d&rsquo;un bloc en \u00e9valuant les revenus moyens estim\u00e9s des m\u00e9nages, puis en leur attribuant une lettre de A \u00e0 E. Les blocs ayant le statut A \u00e9taient consid\u00e9r\u00e9s comme ayant le statut socio-\u00e9conomique le plus \u00e9lev\u00e9, E \u00e9tant le plus bas.<\/p>\n<p>Ils ont constat\u00e9 que les \u00e9chantillons des blocs de niveaux D et E repr\u00e9sentaient respectivement 67 % et 58 % du total des \u00e9chantillons pr\u00e9lev\u00e9s via la surveillance passive en 2021 et 2022. Cependant, en ce qui concerne la surveillance active, qui recherchait des \u00e9chantillons dans les zones les plus probables, 81 % et 78 % des \u00e9chantillons provenaient de ces zones en 2021 et 2022, respectivement.<\/p>\n<p>\u00ab\u00a0Nous avons constat\u00e9 des diff\u00e9rences frappantes entre le risque et la surveillance, et cela semble clairement li\u00e9 \u00e0 une utilisation et \u00e0 un acc\u00e8s \u00e9quitables aux ressources\u00a0\u00bb, a d\u00e9clar\u00e9 Castillo.<\/p>\n<h2>Application mondiale<\/h2>\n<p>M\u00eame si la recherche a \u00e9t\u00e9 men\u00e9e dans une ville du P\u00e9rou, ses enseignements sont d\u2019une grande port\u00e9e. La rage reste une pr\u00e9occupation majeure dans de vastes r\u00e9gions du monde, notamment dans les Cara\u00efbes, en Afrique et en Asie.<\/p>\n<p>Le financement f\u00e9d\u00e9ral des \u00c9tats-Unis a jou\u00e9 ici un r\u00f4le cl\u00e9 dans la formation du syst\u00e8me de surveillance utilis\u00e9 par l\u2019\u00e9quipe d\u2019\u00e9tude ainsi que dans la collecte et l\u2019analyse des donn\u00e9es. Les \u00c9tats-Unis ne sont pas \u00e0 l\u2019abri d\u2019\u00e9pid\u00e9mies potentielles de rage : Castillo a expliqu\u00e9 que les ratons laveurs du nord-est, les mouffettes du sud et les chauves-souris \u00e0 travers le pays courent tous un risque important de contracter la rage. Et les villes am\u00e9ricaines partagent de r\u00e9elles similitudes avec Arequipa : des in\u00e9galit\u00e9s bloc par bloc et des populations animales n\u00e9glig\u00e9es.<\/p>\n<p>\u00ab\u00a0Les le\u00e7ons tir\u00e9es des situations end\u00e9miques comme le P\u00e9rou peuvent \u00e9clairer les strat\u00e9gies de pr\u00e9paration et d&rsquo;\u00e9limination aux \u00c9tats-Unis et dans le monde, en particulier dans la mesure o\u00f9 le climat et la migration modifient la dynamique des maladies infectieuses chez les animaux et la mani\u00e8re dont elles se transmettent aux humains\u00a0\u00bb, a d\u00e9clar\u00e9 Castillo. \u00ab\u00a0En fin de compte, la lutte contre la rage est un d\u00e9fi de sant\u00e9 commun : si elle persiste dans un endroit, elle reste un risque partout.\u00a0\u00bb<\/p>\n<p>                                        <!-- print only --><\/p><\/div>\n","protected":false},"excerpt":{"rendered":"<p>Un aper\u00e7u de ce qui manque peut-\u00eatre \u00e0 la deuxi\u00e8me plus grande ville du P\u00e9rou<\/p>\n","protected":false},"author":1,"featured_media":11465,"comment_status":"closed","ping_status":"","sticky":false,"template":"","format":"standard","meta":{"footnotes":""},"categories":[86],"tags":[7573,1403,49,163,632,815,7572,7571,1177,3252,212],"class_list":["post-11464","post","type-post","status-publish","format-standard","has-post-thumbnail","hentry","category-les-maladies","tag-dinequite","tag-evidence","tag-les","tag-matiere","tag-menaces","tag-met","tag-mondiales","tag-perou","tag-rage","tag-resurgence","tag-sante","generate-columns","tablet-grid-50","mobile-grid-100","grid-parent","grid-50","resize-featured-image"],"yoast_head":"<!-- This site is optimized with the Yoast SEO plugin v23.4 - https:\/\/yoast.com\/wordpress\/plugins\/seo\/ -->\n<title>La r\u00e9surgence de la rage au P\u00e9rou met en \u00e9vidence les menaces mondiales d\u2019in\u00e9quit\u00e9 en mati\u00e8re de sant\u00e9 - RVH-Synergie.org<\/title>\n<meta name=\"robots\" content=\"index, follow, max-snippet:-1, max-image-preview:large, max-video-preview:-1\" \/>\n<link rel=\"canonical\" href=\"https:\/\/rvh-synergie.org\/actualites\/la-resurgence-de-la-rage-au-perou-met-en-evidence-les-menaces-mondiales-dinequite-en-matiere-de-sante\/\" \/>\n<meta property=\"og:locale\" content=\"fr_FR\" \/>\n<meta property=\"og:type\" content=\"article\" \/>\n<meta property=\"og:title\" content=\"La r\u00e9surgence de la rage au P\u00e9rou met en \u00e9vidence les menaces mondiales d\u2019in\u00e9quit\u00e9 en mati\u00e8re de sant\u00e9 - RVH-Synergie.org\" \/>\n<meta property=\"og:description\" content=\"Un aper\u00e7u de ce qui manque peut-\u00eatre \u00e0 la deuxi\u00e8me plus grande ville du P\u00e9rou\" \/>\n<meta property=\"og:url\" content=\"https:\/\/rvh-synergie.org\/actualites\/la-resurgence-de-la-rage-au-perou-met-en-evidence-les-menaces-mondiales-dinequite-en-matiere-de-sante\/\" \/>\n<meta property=\"og:site_name\" content=\"RVH-Synergie\" \/>\n<meta property=\"article:published_time\" content=\"2025-11-07T02:45:28+00:00\" \/>\n<meta property=\"article:modified_time\" content=\"2025-11-07T02:45:38+00:00\" \/>\n<meta property=\"og:image\" content=\"https:\/\/rvh-synergie.org\/actualites\/wp-content\/uploads\/2025\/11\/1762483528_La-resurgence-de-la-rage-au-Perou-met-en-evidence-scaled.jpg\" \/>\n\t<meta property=\"og:image:width\" content=\"2560\" \/>\n\t<meta property=\"og:image:height\" content=\"1513\" \/>\n\t<meta property=\"og:image:type\" content=\"image\/jpeg\" \/>\n<meta name=\"author\" content=\"Charles Martinez\" \/>\n<meta name=\"twitter:card\" content=\"summary_large_image\" \/>\n<meta name=\"twitter:label1\" content=\"\u00c9crit par\" \/>\n\t<meta name=\"twitter:data1\" content=\"Charles Martinez\" \/>\n\t<meta name=\"twitter:label2\" content=\"Dur\u00e9e de lecture estim\u00e9e\" \/>\n\t<meta name=\"twitter:data2\" content=\"5 minutes\" \/>\n<script type=\"application\/ld+json\" class=\"yoast-schema-graph\">{\"@context\":\"https:\/\/schema.org\",\"@graph\":[{\"@type\":\"Article\",\"@id\":\"https:\/\/rvh-synergie.org\/actualites\/la-resurgence-de-la-rage-au-perou-met-en-evidence-les-menaces-mondiales-dinequite-en-matiere-de-sante\/#article\",\"isPartOf\":{\"@id\":\"https:\/\/rvh-synergie.org\/actualites\/la-resurgence-de-la-rage-au-perou-met-en-evidence-les-menaces-mondiales-dinequite-en-matiere-de-sante\/\"},\"author\":{\"name\":\"Charles Martinez\",\"@id\":\"https:\/\/rvh-synergie.org\/actualites\/#\/schema\/person\/aa5ea98671fb4e8620f488a0795d2560\"},\"headline\":\"La r\u00e9surgence de la rage au P\u00e9rou met en \u00e9vidence les menaces mondiales d\u2019in\u00e9quit\u00e9 en mati\u00e8re de sant\u00e9\",\"datePublished\":\"2025-11-07T02:45:28+00:00\",\"dateModified\":\"2025-11-07T02:45:38+00:00\",\"mainEntityOfPage\":{\"@id\":\"https:\/\/rvh-synergie.org\/actualites\/la-resurgence-de-la-rage-au-perou-met-en-evidence-les-menaces-mondiales-dinequite-en-matiere-de-sante\/\"},\"wordCount\":994,\"publisher\":{\"@id\":\"https:\/\/rvh-synergie.org\/actualites\/#organization\"},\"image\":{\"@id\":\"https:\/\/rvh-synergie.org\/actualites\/la-resurgence-de-la-rage-au-perou-met-en-evidence-les-menaces-mondiales-dinequite-en-matiere-de-sante\/#primaryimage\"},\"thumbnailUrl\":\"https:\/\/rvh-synergie.org\/actualites\/wp-content\/uploads\/2025\/11\/1762483528_La-resurgence-de-la-rage-au-Perou-met-en-evidence-scaled.jpg\",\"keywords\":[\"din\u00e9quit\u00e9\",\"\u00e9vidence\",\"Les\",\"mati\u00e8re\",\"menaces\",\"met\",\"mondiales\",\"P\u00e9rou\",\"rage\",\"r\u00e9surgence\",\"sant\u00e9\"],\"articleSection\":[\"Les maladies\"],\"inLanguage\":\"fr-FR\"},{\"@type\":\"WebPage\",\"@id\":\"https:\/\/rvh-synergie.org\/actualites\/la-resurgence-de-la-rage-au-perou-met-en-evidence-les-menaces-mondiales-dinequite-en-matiere-de-sante\/\",\"url\":\"https:\/\/rvh-synergie.org\/actualites\/la-resurgence-de-la-rage-au-perou-met-en-evidence-les-menaces-mondiales-dinequite-en-matiere-de-sante\/\",\"name\":\"La r\u00e9surgence de la rage au P\u00e9rou met en \u00e9vidence les menaces mondiales d\u2019in\u00e9quit\u00e9 en mati\u00e8re de sant\u00e9 - RVH-Synergie.org\",\"isPartOf\":{\"@id\":\"https:\/\/rvh-synergie.org\/actualites\/#website\"},\"primaryImageOfPage\":{\"@id\":\"https:\/\/rvh-synergie.org\/actualites\/la-resurgence-de-la-rage-au-perou-met-en-evidence-les-menaces-mondiales-dinequite-en-matiere-de-sante\/#primaryimage\"},\"image\":{\"@id\":\"https:\/\/rvh-synergie.org\/actualites\/la-resurgence-de-la-rage-au-perou-met-en-evidence-les-menaces-mondiales-dinequite-en-matiere-de-sante\/#primaryimage\"},\"thumbnailUrl\":\"https:\/\/rvh-synergie.org\/actualites\/wp-content\/uploads\/2025\/11\/1762483528_La-resurgence-de-la-rage-au-Perou-met-en-evidence-scaled.jpg\",\"datePublished\":\"2025-11-07T02:45:28+00:00\",\"dateModified\":\"2025-11-07T02:45:38+00:00\",\"breadcrumb\":{\"@id\":\"https:\/\/rvh-synergie.org\/actualites\/la-resurgence-de-la-rage-au-perou-met-en-evidence-les-menaces-mondiales-dinequite-en-matiere-de-sante\/#breadcrumb\"},\"inLanguage\":\"fr-FR\",\"potentialAction\":[{\"@type\":\"ReadAction\",\"target\":[\"https:\/\/rvh-synergie.org\/actualites\/la-resurgence-de-la-rage-au-perou-met-en-evidence-les-menaces-mondiales-dinequite-en-matiere-de-sante\/\"]}]},{\"@type\":\"ImageObject\",\"inLanguage\":\"fr-FR\",\"@id\":\"https:\/\/rvh-synergie.org\/actualites\/la-resurgence-de-la-rage-au-perou-met-en-evidence-les-menaces-mondiales-dinequite-en-matiere-de-sante\/#primaryimage\",\"url\":\"https:\/\/rvh-synergie.org\/actualites\/wp-content\/uploads\/2025\/11\/1762483528_La-resurgence-de-la-rage-au-Perou-met-en-evidence-scaled.jpg\",\"contentUrl\":\"https:\/\/rvh-synergie.org\/actualites\/wp-content\/uploads\/2025\/11\/1762483528_La-resurgence-de-la-rage-au-Perou-met-en-evidence-scaled.jpg\",\"width\":2560,\"height\":1513,\"caption\":\"La r\u00e9surgence de la rage au P\u00e9rou met en \u00e9vidence les menaces mondiales d\u2019in\u00e9quit\u00e9 en mati\u00e8re de sant\u00e9\"},{\"@type\":\"BreadcrumbList\",\"@id\":\"https:\/\/rvh-synergie.org\/actualites\/la-resurgence-de-la-rage-au-perou-met-en-evidence-les-menaces-mondiales-dinequite-en-matiere-de-sante\/#breadcrumb\",\"itemListElement\":[{\"@type\":\"ListItem\",\"position\":1,\"name\":\"Accueil\",\"item\":\"https:\/\/rvh-synergie.org\/actualites\/\"},{\"@type\":\"ListItem\",\"position\":2,\"name\":\"La r\u00e9surgence de la rage au P\u00e9rou met en \u00e9vidence les menaces mondiales d\u2019in\u00e9quit\u00e9 en mati\u00e8re de sant\u00e9\"}]},{\"@type\":\"WebSite\",\"@id\":\"https:\/\/rvh-synergie.org\/actualites\/#website\",\"url\":\"https:\/\/rvh-synergie.org\/actualites\/\",\"name\":\"RVH-Synergie.org\",\"description\":\"RVH-Synergie, site ind\u00e9pendant d&#039;informations sur la prise en charge des addictions.\",\"publisher\":{\"@id\":\"https:\/\/rvh-synergie.org\/actualites\/#organization\"},\"potentialAction\":[{\"@type\":\"SearchAction\",\"target\":{\"@type\":\"EntryPoint\",\"urlTemplate\":\"https:\/\/rvh-synergie.org\/actualites\/?s={search_term_string}\"},\"query-input\":{\"@type\":\"PropertyValueSpecification\",\"valueRequired\":true,\"valueName\":\"search_term_string\"}}],\"inLanguage\":\"fr-FR\"},{\"@type\":\"Organization\",\"@id\":\"https:\/\/rvh-synergie.org\/actualites\/#organization\",\"name\":\"RVH-Synergie.org\",\"url\":\"https:\/\/rvh-synergie.org\/actualites\/\",\"logo\":{\"@type\":\"ImageObject\",\"inLanguage\":\"fr-FR\",\"@id\":\"https:\/\/rvh-synergie.org\/actualites\/#\/schema\/logo\/image\/\",\"url\":\"https:\/\/rvh-synergie.org\/actualites\/wp-content\/uploads\/2024\/09\/favicon.png\",\"contentUrl\":\"https:\/\/rvh-synergie.org\/actualites\/wp-content\/uploads\/2024\/09\/favicon.png\",\"width\":512,\"height\":512,\"caption\":\"RVH-Synergie.org\"},\"image\":{\"@id\":\"https:\/\/rvh-synergie.org\/actualites\/#\/schema\/logo\/image\/\"}},{\"@type\":\"Person\",\"@id\":\"https:\/\/rvh-synergie.org\/actualites\/#\/schema\/person\/aa5ea98671fb4e8620f488a0795d2560\",\"name\":\"Charles Martinez\",\"image\":{\"@type\":\"ImageObject\",\"inLanguage\":\"fr-FR\",\"@id\":\"https:\/\/rvh-synergie.org\/actualites\/#\/schema\/person\/image\/\",\"url\":\"https:\/\/rvh-synergie.org\/actualites\/wp-content\/uploads\/2024\/09\/charles-martinez-scaled.jpg\",\"contentUrl\":\"https:\/\/rvh-synergie.org\/actualites\/wp-content\/uploads\/2024\/09\/charles-martinez-scaled.jpg\",\"caption\":\"Charles Martinez\"},\"description\":\"Bonjour, je m'appelle Charles Martinez, r\u00e9dacteur passionn\u00e9 pour le m\u00e9dia RVH-synergie.org, d\u00e9di\u00e9 aux addictions et aux maladies. Depuis plus de dix ans, j'explore et rapporte les histoires poignantes des individus confront\u00e9s \u00e0 ces d\u00e9fis, tout en sensibilisant le public aux traitements novateurs et aux progr\u00e8s scientifiques dans ce domaine. Mon engagement r\u00e9side dans l'espoir de cr\u00e9er une communaut\u00e9 inform\u00e9e et empathique, pr\u00eate \u00e0 soutenir ceux qui luttent contre ces \u00e9preuves.\",\"sameAs\":[\"https:\/\/rvh-synergie.org\/\"]}]}<\/script>\n<!-- \/ Yoast SEO plugin. -->","yoast_head_json":{"title":"La r\u00e9surgence de la rage au P\u00e9rou met en \u00e9vidence les menaces mondiales d\u2019in\u00e9quit\u00e9 en mati\u00e8re de sant\u00e9 - RVH-Synergie.org","robots":{"index":"index","follow":"follow","max-snippet":"max-snippet:-1","max-image-preview":"max-image-preview:large","max-video-preview":"max-video-preview:-1"},"canonical":"https:\/\/rvh-synergie.org\/actualites\/la-resurgence-de-la-rage-au-perou-met-en-evidence-les-menaces-mondiales-dinequite-en-matiere-de-sante\/","og_locale":"fr_FR","og_type":"article","og_title":"La r\u00e9surgence de la rage au P\u00e9rou met en \u00e9vidence les menaces mondiales d\u2019in\u00e9quit\u00e9 en mati\u00e8re de sant\u00e9 - RVH-Synergie.org","og_description":"Un aper\u00e7u de ce qui manque peut-\u00eatre \u00e0 la deuxi\u00e8me plus grande ville du P\u00e9rou","og_url":"https:\/\/rvh-synergie.org\/actualites\/la-resurgence-de-la-rage-au-perou-met-en-evidence-les-menaces-mondiales-dinequite-en-matiere-de-sante\/","og_site_name":"RVH-Synergie","article_published_time":"2025-11-07T02:45:28+00:00","article_modified_time":"2025-11-07T02:45:38+00:00","og_image":[{"width":2560,"height":1513,"url":"https:\/\/rvh-synergie.org\/actualites\/wp-content\/uploads\/2025\/11\/1762483528_La-resurgence-de-la-rage-au-Perou-met-en-evidence-scaled.jpg","type":"image\/jpeg"}],"author":"Charles Martinez","twitter_card":"summary_large_image","twitter_misc":{"\u00c9crit par":"Charles Martinez","Dur\u00e9e de lecture estim\u00e9e":"5 minutes"},"schema":{"@context":"https:\/\/schema.org","@graph":[{"@type":"Article","@id":"https:\/\/rvh-synergie.org\/actualites\/la-resurgence-de-la-rage-au-perou-met-en-evidence-les-menaces-mondiales-dinequite-en-matiere-de-sante\/#article","isPartOf":{"@id":"https:\/\/rvh-synergie.org\/actualites\/la-resurgence-de-la-rage-au-perou-met-en-evidence-les-menaces-mondiales-dinequite-en-matiere-de-sante\/"},"author":{"name":"Charles Martinez","@id":"https:\/\/rvh-synergie.org\/actualites\/#\/schema\/person\/aa5ea98671fb4e8620f488a0795d2560"},"headline":"La r\u00e9surgence de la rage au P\u00e9rou met en \u00e9vidence les menaces mondiales d\u2019in\u00e9quit\u00e9 en mati\u00e8re de sant\u00e9","datePublished":"2025-11-07T02:45:28+00:00","dateModified":"2025-11-07T02:45:38+00:00","mainEntityOfPage":{"@id":"https:\/\/rvh-synergie.org\/actualites\/la-resurgence-de-la-rage-au-perou-met-en-evidence-les-menaces-mondiales-dinequite-en-matiere-de-sante\/"},"wordCount":994,"publisher":{"@id":"https:\/\/rvh-synergie.org\/actualites\/#organization"},"image":{"@id":"https:\/\/rvh-synergie.org\/actualites\/la-resurgence-de-la-rage-au-perou-met-en-evidence-les-menaces-mondiales-dinequite-en-matiere-de-sante\/#primaryimage"},"thumbnailUrl":"https:\/\/rvh-synergie.org\/actualites\/wp-content\/uploads\/2025\/11\/1762483528_La-resurgence-de-la-rage-au-Perou-met-en-evidence-scaled.jpg","keywords":["din\u00e9quit\u00e9","\u00e9vidence","Les","mati\u00e8re","menaces","met","mondiales","P\u00e9rou","rage","r\u00e9surgence","sant\u00e9"],"articleSection":["Les maladies"],"inLanguage":"fr-FR"},{"@type":"WebPage","@id":"https:\/\/rvh-synergie.org\/actualites\/la-resurgence-de-la-rage-au-perou-met-en-evidence-les-menaces-mondiales-dinequite-en-matiere-de-sante\/","url":"https:\/\/rvh-synergie.org\/actualites\/la-resurgence-de-la-rage-au-perou-met-en-evidence-les-menaces-mondiales-dinequite-en-matiere-de-sante\/","name":"La r\u00e9surgence de la rage au P\u00e9rou met en \u00e9vidence les menaces mondiales d\u2019in\u00e9quit\u00e9 en mati\u00e8re de sant\u00e9 - RVH-Synergie.org","isPartOf":{"@id":"https:\/\/rvh-synergie.org\/actualites\/#website"},"primaryImageOfPage":{"@id":"https:\/\/rvh-synergie.org\/actualites\/la-resurgence-de-la-rage-au-perou-met-en-evidence-les-menaces-mondiales-dinequite-en-matiere-de-sante\/#primaryimage"},"image":{"@id":"https:\/\/rvh-synergie.org\/actualites\/la-resurgence-de-la-rage-au-perou-met-en-evidence-les-menaces-mondiales-dinequite-en-matiere-de-sante\/#primaryimage"},"thumbnailUrl":"https:\/\/rvh-synergie.org\/actualites\/wp-content\/uploads\/2025\/11\/1762483528_La-resurgence-de-la-rage-au-Perou-met-en-evidence-scaled.jpg","datePublished":"2025-11-07T02:45:28+00:00","dateModified":"2025-11-07T02:45:38+00:00","breadcrumb":{"@id":"https:\/\/rvh-synergie.org\/actualites\/la-resurgence-de-la-rage-au-perou-met-en-evidence-les-menaces-mondiales-dinequite-en-matiere-de-sante\/#breadcrumb"},"inLanguage":"fr-FR","potentialAction":[{"@type":"ReadAction","target":["https:\/\/rvh-synergie.org\/actualites\/la-resurgence-de-la-rage-au-perou-met-en-evidence-les-menaces-mondiales-dinequite-en-matiere-de-sante\/"]}]},{"@type":"ImageObject","inLanguage":"fr-FR","@id":"https:\/\/rvh-synergie.org\/actualites\/la-resurgence-de-la-rage-au-perou-met-en-evidence-les-menaces-mondiales-dinequite-en-matiere-de-sante\/#primaryimage","url":"https:\/\/rvh-synergie.org\/actualites\/wp-content\/uploads\/2025\/11\/1762483528_La-resurgence-de-la-rage-au-Perou-met-en-evidence-scaled.jpg","contentUrl":"https:\/\/rvh-synergie.org\/actualites\/wp-content\/uploads\/2025\/11\/1762483528_La-resurgence-de-la-rage-au-Perou-met-en-evidence-scaled.jpg","width":2560,"height":1513,"caption":"La r\u00e9surgence de la rage au P\u00e9rou met en \u00e9vidence les menaces mondiales d\u2019in\u00e9quit\u00e9 en mati\u00e8re de sant\u00e9"},{"@type":"BreadcrumbList","@id":"https:\/\/rvh-synergie.org\/actualites\/la-resurgence-de-la-rage-au-perou-met-en-evidence-les-menaces-mondiales-dinequite-en-matiere-de-sante\/#breadcrumb","itemListElement":[{"@type":"ListItem","position":1,"name":"Accueil","item":"https:\/\/rvh-synergie.org\/actualites\/"},{"@type":"ListItem","position":2,"name":"La r\u00e9surgence de la rage au P\u00e9rou met en \u00e9vidence les menaces mondiales d\u2019in\u00e9quit\u00e9 en mati\u00e8re de sant\u00e9"}]},{"@type":"WebSite","@id":"https:\/\/rvh-synergie.org\/actualites\/#website","url":"https:\/\/rvh-synergie.org\/actualites\/","name":"RVH-Synergie.org","description":"RVH-Synergie, site ind\u00e9pendant d&#039;informations sur la prise en charge des addictions.","publisher":{"@id":"https:\/\/rvh-synergie.org\/actualites\/#organization"},"potentialAction":[{"@type":"SearchAction","target":{"@type":"EntryPoint","urlTemplate":"https:\/\/rvh-synergie.org\/actualites\/?s={search_term_string}"},"query-input":{"@type":"PropertyValueSpecification","valueRequired":true,"valueName":"search_term_string"}}],"inLanguage":"fr-FR"},{"@type":"Organization","@id":"https:\/\/rvh-synergie.org\/actualites\/#organization","name":"RVH-Synergie.org","url":"https:\/\/rvh-synergie.org\/actualites\/","logo":{"@type":"ImageObject","inLanguage":"fr-FR","@id":"https:\/\/rvh-synergie.org\/actualites\/#\/schema\/logo\/image\/","url":"https:\/\/rvh-synergie.org\/actualites\/wp-content\/uploads\/2024\/09\/favicon.png","contentUrl":"https:\/\/rvh-synergie.org\/actualites\/wp-content\/uploads\/2024\/09\/favicon.png","width":512,"height":512,"caption":"RVH-Synergie.org"},"image":{"@id":"https:\/\/rvh-synergie.org\/actualites\/#\/schema\/logo\/image\/"}},{"@type":"Person","@id":"https:\/\/rvh-synergie.org\/actualites\/#\/schema\/person\/aa5ea98671fb4e8620f488a0795d2560","name":"Charles Martinez","image":{"@type":"ImageObject","inLanguage":"fr-FR","@id":"https:\/\/rvh-synergie.org\/actualites\/#\/schema\/person\/image\/","url":"https:\/\/rvh-synergie.org\/actualites\/wp-content\/uploads\/2024\/09\/charles-martinez-scaled.jpg","contentUrl":"https:\/\/rvh-synergie.org\/actualites\/wp-content\/uploads\/2024\/09\/charles-martinez-scaled.jpg","caption":"Charles Martinez"},"description":"Bonjour, je m'appelle Charles Martinez, r\u00e9dacteur passionn\u00e9 pour le m\u00e9dia RVH-synergie.org, d\u00e9di\u00e9 aux addictions et aux maladies. Depuis plus de dix ans, j'explore et rapporte les histoires poignantes des individus confront\u00e9s \u00e0 ces d\u00e9fis, tout en sensibilisant le public aux traitements novateurs et aux progr\u00e8s scientifiques dans ce domaine. Mon engagement r\u00e9side dans l'espoir de cr\u00e9er une communaut\u00e9 inform\u00e9e et empathique, pr\u00eate \u00e0 soutenir ceux qui luttent contre ces \u00e9preuves.","sameAs":["https:\/\/rvh-synergie.org\/"]}]}},"_links":{"self":[{"href":"https:\/\/rvh-synergie.org\/actualites\/wp-json\/wp\/v2\/posts\/11464","targetHints":{"allow":["GET"]}}],"collection":[{"href":"https:\/\/rvh-synergie.org\/actualites\/wp-json\/wp\/v2\/posts"}],"about":[{"href":"https:\/\/rvh-synergie.org\/actualites\/wp-json\/wp\/v2\/types\/post"}],"author":[{"embeddable":true,"href":"https:\/\/rvh-synergie.org\/actualites\/wp-json\/wp\/v2\/users\/1"}],"replies":[{"embeddable":true,"href":"https:\/\/rvh-synergie.org\/actualites\/wp-json\/wp\/v2\/comments?post=11464"}],"version-history":[{"count":0,"href":"https:\/\/rvh-synergie.org\/actualites\/wp-json\/wp\/v2\/posts\/11464\/revisions"}],"wp:featuredmedia":[{"embeddable":true,"href":"https:\/\/rvh-synergie.org\/actualites\/wp-json\/wp\/v2\/media\/11465"}],"wp:attachment":[{"href":"https:\/\/rvh-synergie.org\/actualites\/wp-json\/wp\/v2\/media?parent=11464"}],"wp:term":[{"taxonomy":"category","embeddable":true,"href":"https:\/\/rvh-synergie.org\/actualites\/wp-json\/wp\/v2\/categories?post=11464"},{"taxonomy":"post_tag","embeddable":true,"href":"https:\/\/rvh-synergie.org\/actualites\/wp-json\/wp\/v2\/tags?post=11464"}],"curies":[{"name":"wp","href":"https:\/\/api.w.org\/{rel}","templated":true}]}}