{"id":11446,"date":"2025-11-06T20:59:56","date_gmt":"2025-11-06T19:59:56","guid":{"rendered":"https:\/\/rvh-synergie.org\/actualites\/la-vaccination-contre-le-covid-19-reduit-le-risque-de-covid-long-chez-les-adolescents\/"},"modified":"2025-11-06T20:59:58","modified_gmt":"2025-11-06T19:59:58","slug":"la-vaccination-contre-le-covid-19-reduit-le-risque-de-covid-long-chez-les-adolescents","status":"publish","type":"post","link":"https:\/\/rvh-synergie.org\/actualites\/la-vaccination-contre-le-covid-19-reduit-le-risque-de-covid-long-chez-les-adolescents\/","title":{"rendered":"La vaccination contre le COVID-19 r\u00e9duit le risque de COVID long chez les adolescents"},"content":{"rendered":"<div>\n<div class=\"article-gallery lightGallery\">\n<div data-thumb=\"https:\/\/scx1.b-cdn.net\/csz\/news\/tmb\/2025\/covid-19-vaccination-l.jpg\" data-src=\"https:\/\/scx2.b-cdn.net\/gfx\/news\/hires\/2025\/covid-19-vaccination-l.jpg\" data-sub-html=\"Credit: &lt;i&gt;Vaccine&lt;\/i&gt; (2025). DOI: 10.1016\/j.vaccine.2025.127907\">\n<figure class=\"article-img\">\n<\/figure><\/div>\n<\/div>\n<p>Selon une nouvelle \u00e9tude, les adolescents vaccin\u00e9s contre le COVID-19 \u00e9taient moins susceptibles de d\u00e9velopper un long COVID apr\u00e8s leur premi\u00e8re infection par le SRAS-CoV-2 que leurs pairs non vaccin\u00e9s.<\/p>\n<p>L\u2019\u00e9tude, dirig\u00e9e par l\u2019initiative RECOVER, est la premi\u00e8re \u00e0 examiner les avantages potentiels de la vaccination contre le COVID chez les adolescents au-del\u00e0 de la r\u00e9duction de la gravit\u00e9 des sympt\u00f4mes initiaux du COVID.<\/p>\n<p>\u00ab\u00a0Ces r\u00e9sultats prouvent que la vaccination contre le COVID a un effet secondaire important en aidant \u00e0 att\u00e9nuer le risque de long COVID chez les adolescents\u00a0\u00bb, d\u00e9clare Melissa Stockwell, p\u00e9diatre au centre m\u00e9dical Irving de l&rsquo;Universit\u00e9 Columbia et auteur clinique principal de l&rsquo;\u00e9tude.<\/p>\n<p>Les r\u00e9sultats sont publi\u00e9s dans la revue <i>Vaccin<\/i>.<\/p>\n<p>L\u2019\u00e9quipe de recherche RECOVER estime qu\u2019environ 5,8 millions de jeunes ont souffert d\u2019un long COVID, qui peut inclure des sympt\u00f4mes prolong\u00e9s tels que la fatigue diurne, des douleurs articulaires et musculaires et des probl\u00e8mes de m\u00e9moire.<\/p>\n<p>Des \u00e9tudes ant\u00e9rieures ont montr\u00e9 que la vaccination contre le COVID-19 peut r\u00e9duire le risque de long COVID chez les adultes. Mais les preuves d\u2019un b\u00e9n\u00e9fice similaire chez les jeunes sont limit\u00e9es.<\/p>\n<p>La nouvelle \u00e9tude a inclus plus de 1\u00a0200 adolescents de partout aux \u00c9tats-Unis\u00a0; 724 ont \u00e9t\u00e9 vaccin\u00e9s contre le COVID au cours des six mois pr\u00e9c\u00e9dant leur premi\u00e8re infection et 507 n\u2019ont pas \u00e9t\u00e9 vaccin\u00e9s.<\/p>\n<p>Les chercheurs ont d\u00e9couvert que le risque de d\u00e9velopper une longue COVID \u00e9tait de plus de 20 % chez les jeunes non vaccin\u00e9s et d\u2019environ 13 % chez ceux qui \u00e9taient vaccin\u00e9s, ce qui repr\u00e9sente une r\u00e9duction de 36 % du risque apr\u00e8s la vaccination.<\/p>\n<p>\u00ab\u00a0Chaque jour, notre \u00e9tude voit des jeunes qui sont incapables de participer pleinement aux activit\u00e9s qu&rsquo;ils appr\u00e9cient alors qu&rsquo;ils souffrent de sympt\u00f4mes prolong\u00e9s du COVID\u00a0\u00bb, explique Stockwell. \u00ab\u00a0Bien que notre \u00e9tude n&rsquo;ait pas examin\u00e9 les effets de la vaccination contre le COVID chez les adolescents pr\u00e9sentant des infections ult\u00e9rieures, nos r\u00e9sultats sugg\u00e8rent fortement que se faire vacciner contre le COVID-19 pourrait permettre \u00e0 beaucoup plus d&rsquo;adolescents de vivre leur vie normalement apr\u00e8s une infection par le COVID.\u00a0\u00bb<\/p>\n<p>                                        <!-- print only --><\/p><\/div>\n","protected":false},"excerpt":{"rendered":"<p>Selon une nouvelle \u00e9tude, les adolescents vaccin\u00e9s contre le COVID-19 \u00e9taient moins susceptibles de d\u00e9velopper<\/p>\n","protected":false},"author":1,"featured_media":11447,"comment_status":"closed","ping_status":"","sticky":false,"template":"","format":"standard","meta":{"footnotes":""},"categories":[86],"tags":[58,56,90,618,561,49,619,658,40,1304],"class_list":["post-11446","post","type-post","status-publish","format-standard","has-post-thumbnail","hentry","category-les-maladies","tag-adolescents","tag-chez","tag-contre","tag-covid","tag-covid19","tag-les","tag-long","tag-reduit","tag-risque","tag-vaccination","generate-columns","tablet-grid-50","mobile-grid-100","grid-parent","grid-50","resize-featured-image"],"yoast_head":"<!-- This site is optimized with the Yoast SEO plugin v23.4 - https:\/\/yoast.com\/wordpress\/plugins\/seo\/ -->\n<title>La vaccination contre le COVID-19 r\u00e9duit le risque de COVID long chez les adolescents - RVH-Synergie.org<\/title>\n<meta name=\"robots\" content=\"index, follow, max-snippet:-1, max-image-preview:large, max-video-preview:-1\" \/>\n<link rel=\"canonical\" href=\"https:\/\/rvh-synergie.org\/actualites\/la-vaccination-contre-le-covid-19-reduit-le-risque-de-covid-long-chez-les-adolescents\/\" \/>\n<meta property=\"og:locale\" content=\"fr_FR\" \/>\n<meta property=\"og:type\" content=\"article\" \/>\n<meta property=\"og:title\" content=\"La vaccination contre le COVID-19 r\u00e9duit le risque de COVID long chez les adolescents - RVH-Synergie.org\" \/>\n<meta property=\"og:description\" content=\"Selon une nouvelle \u00e9tude, les adolescents vaccin\u00e9s contre le COVID-19 \u00e9taient moins susceptibles de d\u00e9velopper\" \/>\n<meta property=\"og:url\" content=\"https:\/\/rvh-synergie.org\/actualites\/la-vaccination-contre-le-covid-19-reduit-le-risque-de-covid-long-chez-les-adolescents\/\" \/>\n<meta property=\"og:site_name\" content=\"RVH-Synergie\" \/>\n<meta property=\"article:published_time\" content=\"2025-11-06T19:59:56+00:00\" \/>\n<meta property=\"article:modified_time\" content=\"2025-11-06T19:59:58+00:00\" \/>\n<meta property=\"og:image\" content=\"https:\/\/rvh-synergie.org\/actualites\/wp-content\/uploads\/2025\/11\/1762459197_La-vaccination-contre-le-COVID-19-reduit-le-risque-de-COVID.jpg\" \/>\n\t<meta property=\"og:image:width\" content=\"1519\" \/>\n\t<meta property=\"og:image:height\" content=\"1113\" \/>\n\t<meta property=\"og:image:type\" content=\"image\/jpeg\" \/>\n<meta name=\"author\" content=\"Charles Martinez\" \/>\n<meta name=\"twitter:card\" content=\"summary_large_image\" \/>\n<meta name=\"twitter:label1\" content=\"\u00c9crit par\" \/>\n\t<meta name=\"twitter:data1\" content=\"Charles Martinez\" \/>\n\t<meta name=\"twitter:label2\" content=\"Dur\u00e9e de lecture estim\u00e9e\" \/>\n\t<meta name=\"twitter:data2\" content=\"2 minutes\" \/>\n<script type=\"application\/ld+json\" class=\"yoast-schema-graph\">{\"@context\":\"https:\/\/schema.org\",\"@graph\":[{\"@type\":\"Article\",\"@id\":\"https:\/\/rvh-synergie.org\/actualites\/la-vaccination-contre-le-covid-19-reduit-le-risque-de-covid-long-chez-les-adolescents\/#article\",\"isPartOf\":{\"@id\":\"https:\/\/rvh-synergie.org\/actualites\/la-vaccination-contre-le-covid-19-reduit-le-risque-de-covid-long-chez-les-adolescents\/\"},\"author\":{\"name\":\"Charles Martinez\",\"@id\":\"https:\/\/rvh-synergie.org\/actualites\/#\/schema\/person\/aa5ea98671fb4e8620f488a0795d2560\"},\"headline\":\"La vaccination contre le COVID-19 r\u00e9duit le risque de COVID long chez les adolescents\",\"datePublished\":\"2025-11-06T19:59:56+00:00\",\"dateModified\":\"2025-11-06T19:59:58+00:00\",\"mainEntityOfPage\":{\"@id\":\"https:\/\/rvh-synergie.org\/actualites\/la-vaccination-contre-le-covid-19-reduit-le-risque-de-covid-long-chez-les-adolescents\/\"},\"wordCount\":402,\"publisher\":{\"@id\":\"https:\/\/rvh-synergie.org\/actualites\/#organization\"},\"image\":{\"@id\":\"https:\/\/rvh-synergie.org\/actualites\/la-vaccination-contre-le-covid-19-reduit-le-risque-de-covid-long-chez-les-adolescents\/#primaryimage\"},\"thumbnailUrl\":\"https:\/\/rvh-synergie.org\/actualites\/wp-content\/uploads\/2025\/11\/1762459197_La-vaccination-contre-le-COVID-19-reduit-le-risque-de-COVID.jpg\",\"keywords\":[\"adolescents\",\"chez\",\"contre\",\"COVID\",\"COVID19\",\"Les\",\"long\",\"r\u00e9duit\",\"risque\",\"vaccination\"],\"articleSection\":[\"Les maladies\"],\"inLanguage\":\"fr-FR\"},{\"@type\":\"WebPage\",\"@id\":\"https:\/\/rvh-synergie.org\/actualites\/la-vaccination-contre-le-covid-19-reduit-le-risque-de-covid-long-chez-les-adolescents\/\",\"url\":\"https:\/\/rvh-synergie.org\/actualites\/la-vaccination-contre-le-covid-19-reduit-le-risque-de-covid-long-chez-les-adolescents\/\",\"name\":\"La vaccination contre le COVID-19 r\u00e9duit le risque de COVID long chez les adolescents - RVH-Synergie.org\",\"isPartOf\":{\"@id\":\"https:\/\/rvh-synergie.org\/actualites\/#website\"},\"primaryImageOfPage\":{\"@id\":\"https:\/\/rvh-synergie.org\/actualites\/la-vaccination-contre-le-covid-19-reduit-le-risque-de-covid-long-chez-les-adolescents\/#primaryimage\"},\"image\":{\"@id\":\"https:\/\/rvh-synergie.org\/actualites\/la-vaccination-contre-le-covid-19-reduit-le-risque-de-covid-long-chez-les-adolescents\/#primaryimage\"},\"thumbnailUrl\":\"https:\/\/rvh-synergie.org\/actualites\/wp-content\/uploads\/2025\/11\/1762459197_La-vaccination-contre-le-COVID-19-reduit-le-risque-de-COVID.jpg\",\"datePublished\":\"2025-11-06T19:59:56+00:00\",\"dateModified\":\"2025-11-06T19:59:58+00:00\",\"breadcrumb\":{\"@id\":\"https:\/\/rvh-synergie.org\/actualites\/la-vaccination-contre-le-covid-19-reduit-le-risque-de-covid-long-chez-les-adolescents\/#breadcrumb\"},\"inLanguage\":\"fr-FR\",\"potentialAction\":[{\"@type\":\"ReadAction\",\"target\":[\"https:\/\/rvh-synergie.org\/actualites\/la-vaccination-contre-le-covid-19-reduit-le-risque-de-covid-long-chez-les-adolescents\/\"]}]},{\"@type\":\"ImageObject\",\"inLanguage\":\"fr-FR\",\"@id\":\"https:\/\/rvh-synergie.org\/actualites\/la-vaccination-contre-le-covid-19-reduit-le-risque-de-covid-long-chez-les-adolescents\/#primaryimage\",\"url\":\"https:\/\/rvh-synergie.org\/actualites\/wp-content\/uploads\/2025\/11\/1762459197_La-vaccination-contre-le-COVID-19-reduit-le-risque-de-COVID.jpg\",\"contentUrl\":\"https:\/\/rvh-synergie.org\/actualites\/wp-content\/uploads\/2025\/11\/1762459197_La-vaccination-contre-le-COVID-19-reduit-le-risque-de-COVID.jpg\",\"width\":1519,\"height\":1113,\"caption\":\"La vaccination contre le COVID-19 r\u00e9duit le risque de COVID long chez les adolescents\"},{\"@type\":\"BreadcrumbList\",\"@id\":\"https:\/\/rvh-synergie.org\/actualites\/la-vaccination-contre-le-covid-19-reduit-le-risque-de-covid-long-chez-les-adolescents\/#breadcrumb\",\"itemListElement\":[{\"@type\":\"ListItem\",\"position\":1,\"name\":\"Accueil\",\"item\":\"https:\/\/rvh-synergie.org\/actualites\/\"},{\"@type\":\"ListItem\",\"position\":2,\"name\":\"La vaccination contre le COVID-19 r\u00e9duit le risque de COVID long chez les adolescents\"}]},{\"@type\":\"WebSite\",\"@id\":\"https:\/\/rvh-synergie.org\/actualites\/#website\",\"url\":\"https:\/\/rvh-synergie.org\/actualites\/\",\"name\":\"RVH-Synergie.org\",\"description\":\"RVH-Synergie, site ind\u00e9pendant d&#039;informations sur la prise en charge des addictions.\",\"publisher\":{\"@id\":\"https:\/\/rvh-synergie.org\/actualites\/#organization\"},\"potentialAction\":[{\"@type\":\"SearchAction\",\"target\":{\"@type\":\"EntryPoint\",\"urlTemplate\":\"https:\/\/rvh-synergie.org\/actualites\/?s={search_term_string}\"},\"query-input\":{\"@type\":\"PropertyValueSpecification\",\"valueRequired\":true,\"valueName\":\"search_term_string\"}}],\"inLanguage\":\"fr-FR\"},{\"@type\":\"Organization\",\"@id\":\"https:\/\/rvh-synergie.org\/actualites\/#organization\",\"name\":\"RVH-Synergie.org\",\"url\":\"https:\/\/rvh-synergie.org\/actualites\/\",\"logo\":{\"@type\":\"ImageObject\",\"inLanguage\":\"fr-FR\",\"@id\":\"https:\/\/rvh-synergie.org\/actualites\/#\/schema\/logo\/image\/\",\"url\":\"https:\/\/rvh-synergie.org\/actualites\/wp-content\/uploads\/2024\/09\/favicon.png\",\"contentUrl\":\"https:\/\/rvh-synergie.org\/actualites\/wp-content\/uploads\/2024\/09\/favicon.png\",\"width\":512,\"height\":512,\"caption\":\"RVH-Synergie.org\"},\"image\":{\"@id\":\"https:\/\/rvh-synergie.org\/actualites\/#\/schema\/logo\/image\/\"}},{\"@type\":\"Person\",\"@id\":\"https:\/\/rvh-synergie.org\/actualites\/#\/schema\/person\/aa5ea98671fb4e8620f488a0795d2560\",\"name\":\"Charles Martinez\",\"image\":{\"@type\":\"ImageObject\",\"inLanguage\":\"fr-FR\",\"@id\":\"https:\/\/rvh-synergie.org\/actualites\/#\/schema\/person\/image\/\",\"url\":\"https:\/\/rvh-synergie.org\/actualites\/wp-content\/uploads\/2024\/09\/charles-martinez-scaled.jpg\",\"contentUrl\":\"https:\/\/rvh-synergie.org\/actualites\/wp-content\/uploads\/2024\/09\/charles-martinez-scaled.jpg\",\"caption\":\"Charles Martinez\"},\"description\":\"Bonjour, je m'appelle Charles Martinez, r\u00e9dacteur passionn\u00e9 pour le m\u00e9dia RVH-synergie.org, d\u00e9di\u00e9 aux addictions et aux maladies. Depuis plus de dix ans, j'explore et rapporte les histoires poignantes des individus confront\u00e9s \u00e0 ces d\u00e9fis, tout en sensibilisant le public aux traitements novateurs et aux progr\u00e8s scientifiques dans ce domaine. Mon engagement r\u00e9side dans l'espoir de cr\u00e9er une communaut\u00e9 inform\u00e9e et empathique, pr\u00eate \u00e0 soutenir ceux qui luttent contre ces \u00e9preuves.\",\"sameAs\":[\"https:\/\/rvh-synergie.org\/\"]}]}<\/script>\n<!-- \/ Yoast SEO plugin. -->","yoast_head_json":{"title":"La vaccination contre le COVID-19 r\u00e9duit le risque de COVID long chez les adolescents - RVH-Synergie.org","robots":{"index":"index","follow":"follow","max-snippet":"max-snippet:-1","max-image-preview":"max-image-preview:large","max-video-preview":"max-video-preview:-1"},"canonical":"https:\/\/rvh-synergie.org\/actualites\/la-vaccination-contre-le-covid-19-reduit-le-risque-de-covid-long-chez-les-adolescents\/","og_locale":"fr_FR","og_type":"article","og_title":"La vaccination contre le COVID-19 r\u00e9duit le risque de COVID long chez les adolescents - RVH-Synergie.org","og_description":"Selon une nouvelle \u00e9tude, les adolescents vaccin\u00e9s contre le COVID-19 \u00e9taient moins susceptibles de d\u00e9velopper","og_url":"https:\/\/rvh-synergie.org\/actualites\/la-vaccination-contre-le-covid-19-reduit-le-risque-de-covid-long-chez-les-adolescents\/","og_site_name":"RVH-Synergie","article_published_time":"2025-11-06T19:59:56+00:00","article_modified_time":"2025-11-06T19:59:58+00:00","og_image":[{"width":1519,"height":1113,"url":"https:\/\/rvh-synergie.org\/actualites\/wp-content\/uploads\/2025\/11\/1762459197_La-vaccination-contre-le-COVID-19-reduit-le-risque-de-COVID.jpg","type":"image\/jpeg"}],"author":"Charles Martinez","twitter_card":"summary_large_image","twitter_misc":{"\u00c9crit par":"Charles Martinez","Dur\u00e9e de lecture estim\u00e9e":"2 minutes"},"schema":{"@context":"https:\/\/schema.org","@graph":[{"@type":"Article","@id":"https:\/\/rvh-synergie.org\/actualites\/la-vaccination-contre-le-covid-19-reduit-le-risque-de-covid-long-chez-les-adolescents\/#article","isPartOf":{"@id":"https:\/\/rvh-synergie.org\/actualites\/la-vaccination-contre-le-covid-19-reduit-le-risque-de-covid-long-chez-les-adolescents\/"},"author":{"name":"Charles Martinez","@id":"https:\/\/rvh-synergie.org\/actualites\/#\/schema\/person\/aa5ea98671fb4e8620f488a0795d2560"},"headline":"La vaccination contre le COVID-19 r\u00e9duit le risque de COVID long chez les adolescents","datePublished":"2025-11-06T19:59:56+00:00","dateModified":"2025-11-06T19:59:58+00:00","mainEntityOfPage":{"@id":"https:\/\/rvh-synergie.org\/actualites\/la-vaccination-contre-le-covid-19-reduit-le-risque-de-covid-long-chez-les-adolescents\/"},"wordCount":402,"publisher":{"@id":"https:\/\/rvh-synergie.org\/actualites\/#organization"},"image":{"@id":"https:\/\/rvh-synergie.org\/actualites\/la-vaccination-contre-le-covid-19-reduit-le-risque-de-covid-long-chez-les-adolescents\/#primaryimage"},"thumbnailUrl":"https:\/\/rvh-synergie.org\/actualites\/wp-content\/uploads\/2025\/11\/1762459197_La-vaccination-contre-le-COVID-19-reduit-le-risque-de-COVID.jpg","keywords":["adolescents","chez","contre","COVID","COVID19","Les","long","r\u00e9duit","risque","vaccination"],"articleSection":["Les maladies"],"inLanguage":"fr-FR"},{"@type":"WebPage","@id":"https:\/\/rvh-synergie.org\/actualites\/la-vaccination-contre-le-covid-19-reduit-le-risque-de-covid-long-chez-les-adolescents\/","url":"https:\/\/rvh-synergie.org\/actualites\/la-vaccination-contre-le-covid-19-reduit-le-risque-de-covid-long-chez-les-adolescents\/","name":"La vaccination contre le COVID-19 r\u00e9duit le risque de COVID long chez les adolescents - RVH-Synergie.org","isPartOf":{"@id":"https:\/\/rvh-synergie.org\/actualites\/#website"},"primaryImageOfPage":{"@id":"https:\/\/rvh-synergie.org\/actualites\/la-vaccination-contre-le-covid-19-reduit-le-risque-de-covid-long-chez-les-adolescents\/#primaryimage"},"image":{"@id":"https:\/\/rvh-synergie.org\/actualites\/la-vaccination-contre-le-covid-19-reduit-le-risque-de-covid-long-chez-les-adolescents\/#primaryimage"},"thumbnailUrl":"https:\/\/rvh-synergie.org\/actualites\/wp-content\/uploads\/2025\/11\/1762459197_La-vaccination-contre-le-COVID-19-reduit-le-risque-de-COVID.jpg","datePublished":"2025-11-06T19:59:56+00:00","dateModified":"2025-11-06T19:59:58+00:00","breadcrumb":{"@id":"https:\/\/rvh-synergie.org\/actualites\/la-vaccination-contre-le-covid-19-reduit-le-risque-de-covid-long-chez-les-adolescents\/#breadcrumb"},"inLanguage":"fr-FR","potentialAction":[{"@type":"ReadAction","target":["https:\/\/rvh-synergie.org\/actualites\/la-vaccination-contre-le-covid-19-reduit-le-risque-de-covid-long-chez-les-adolescents\/"]}]},{"@type":"ImageObject","inLanguage":"fr-FR","@id":"https:\/\/rvh-synergie.org\/actualites\/la-vaccination-contre-le-covid-19-reduit-le-risque-de-covid-long-chez-les-adolescents\/#primaryimage","url":"https:\/\/rvh-synergie.org\/actualites\/wp-content\/uploads\/2025\/11\/1762459197_La-vaccination-contre-le-COVID-19-reduit-le-risque-de-COVID.jpg","contentUrl":"https:\/\/rvh-synergie.org\/actualites\/wp-content\/uploads\/2025\/11\/1762459197_La-vaccination-contre-le-COVID-19-reduit-le-risque-de-COVID.jpg","width":1519,"height":1113,"caption":"La vaccination contre le COVID-19 r\u00e9duit le risque de COVID long chez les adolescents"},{"@type":"BreadcrumbList","@id":"https:\/\/rvh-synergie.org\/actualites\/la-vaccination-contre-le-covid-19-reduit-le-risque-de-covid-long-chez-les-adolescents\/#breadcrumb","itemListElement":[{"@type":"ListItem","position":1,"name":"Accueil","item":"https:\/\/rvh-synergie.org\/actualites\/"},{"@type":"ListItem","position":2,"name":"La vaccination contre le COVID-19 r\u00e9duit le risque de COVID long chez les adolescents"}]},{"@type":"WebSite","@id":"https:\/\/rvh-synergie.org\/actualites\/#website","url":"https:\/\/rvh-synergie.org\/actualites\/","name":"RVH-Synergie.org","description":"RVH-Synergie, site ind\u00e9pendant d&#039;informations sur la prise en charge des addictions.","publisher":{"@id":"https:\/\/rvh-synergie.org\/actualites\/#organization"},"potentialAction":[{"@type":"SearchAction","target":{"@type":"EntryPoint","urlTemplate":"https:\/\/rvh-synergie.org\/actualites\/?s={search_term_string}"},"query-input":{"@type":"PropertyValueSpecification","valueRequired":true,"valueName":"search_term_string"}}],"inLanguage":"fr-FR"},{"@type":"Organization","@id":"https:\/\/rvh-synergie.org\/actualites\/#organization","name":"RVH-Synergie.org","url":"https:\/\/rvh-synergie.org\/actualites\/","logo":{"@type":"ImageObject","inLanguage":"fr-FR","@id":"https:\/\/rvh-synergie.org\/actualites\/#\/schema\/logo\/image\/","url":"https:\/\/rvh-synergie.org\/actualites\/wp-content\/uploads\/2024\/09\/favicon.png","contentUrl":"https:\/\/rvh-synergie.org\/actualites\/wp-content\/uploads\/2024\/09\/favicon.png","width":512,"height":512,"caption":"RVH-Synergie.org"},"image":{"@id":"https:\/\/rvh-synergie.org\/actualites\/#\/schema\/logo\/image\/"}},{"@type":"Person","@id":"https:\/\/rvh-synergie.org\/actualites\/#\/schema\/person\/aa5ea98671fb4e8620f488a0795d2560","name":"Charles Martinez","image":{"@type":"ImageObject","inLanguage":"fr-FR","@id":"https:\/\/rvh-synergie.org\/actualites\/#\/schema\/person\/image\/","url":"https:\/\/rvh-synergie.org\/actualites\/wp-content\/uploads\/2024\/09\/charles-martinez-scaled.jpg","contentUrl":"https:\/\/rvh-synergie.org\/actualites\/wp-content\/uploads\/2024\/09\/charles-martinez-scaled.jpg","caption":"Charles Martinez"},"description":"Bonjour, je m'appelle Charles Martinez, r\u00e9dacteur passionn\u00e9 pour le m\u00e9dia RVH-synergie.org, d\u00e9di\u00e9 aux addictions et aux maladies. Depuis plus de dix ans, j'explore et rapporte les histoires poignantes des individus confront\u00e9s \u00e0 ces d\u00e9fis, tout en sensibilisant le public aux traitements novateurs et aux progr\u00e8s scientifiques dans ce domaine. Mon engagement r\u00e9side dans l'espoir de cr\u00e9er une communaut\u00e9 inform\u00e9e et empathique, pr\u00eate \u00e0 soutenir ceux qui luttent contre ces \u00e9preuves.","sameAs":["https:\/\/rvh-synergie.org\/"]}]}},"_links":{"self":[{"href":"https:\/\/rvh-synergie.org\/actualites\/wp-json\/wp\/v2\/posts\/11446","targetHints":{"allow":["GET"]}}],"collection":[{"href":"https:\/\/rvh-synergie.org\/actualites\/wp-json\/wp\/v2\/posts"}],"about":[{"href":"https:\/\/rvh-synergie.org\/actualites\/wp-json\/wp\/v2\/types\/post"}],"author":[{"embeddable":true,"href":"https:\/\/rvh-synergie.org\/actualites\/wp-json\/wp\/v2\/users\/1"}],"replies":[{"embeddable":true,"href":"https:\/\/rvh-synergie.org\/actualites\/wp-json\/wp\/v2\/comments?post=11446"}],"version-history":[{"count":0,"href":"https:\/\/rvh-synergie.org\/actualites\/wp-json\/wp\/v2\/posts\/11446\/revisions"}],"wp:featuredmedia":[{"embeddable":true,"href":"https:\/\/rvh-synergie.org\/actualites\/wp-json\/wp\/v2\/media\/11447"}],"wp:attachment":[{"href":"https:\/\/rvh-synergie.org\/actualites\/wp-json\/wp\/v2\/media?parent=11446"}],"wp:term":[{"taxonomy":"category","embeddable":true,"href":"https:\/\/rvh-synergie.org\/actualites\/wp-json\/wp\/v2\/categories?post=11446"},{"taxonomy":"post_tag","embeddable":true,"href":"https:\/\/rvh-synergie.org\/actualites\/wp-json\/wp\/v2\/tags?post=11446"}],"curies":[{"name":"wp","href":"https:\/\/api.w.org\/{rel}","templated":true}]}}