{"id":11430,"date":"2025-11-06T15:35:35","date_gmt":"2025-11-06T14:35:35","guid":{"rendered":"https:\/\/rvh-synergie.org\/actualites\/le-deploiement-militaire-lie-a-un-risque-plus-eleve-de-maladies-respiratoires\/"},"modified":"2025-11-06T15:35:35","modified_gmt":"2025-11-06T14:35:35","slug":"le-deploiement-militaire-lie-a-un-risque-plus-eleve-de-maladies-respiratoires","status":"publish","type":"post","link":"https:\/\/rvh-synergie.org\/actualites\/le-deploiement-militaire-lie-a-un-risque-plus-eleve-de-maladies-respiratoires\/","title":{"rendered":"Le d\u00e9ploiement militaire li\u00e9 \u00e0 un risque plus \u00e9lev\u00e9 de maladies respiratoires"},"content":{"rendered":"<div>\n<div class=\"article-gallery lightGallery\">\n<div data-thumb=\"https:\/\/scx1.b-cdn.net\/csz\/news\/tmb\/2025\/veteran-3.jpg\" data-src=\"https:\/\/scx2.b-cdn.net\/gfx\/news\/hires\/2025\/veteran-3.jpg\" data-sub-html=\"Credit: RDNE Stock project from Pexels\">\n<figure class=\"article-img\">\n<\/figure><\/div>\n<\/div>\n<p>Les v\u00e9t\u00e9rans am\u00e9ricains qui ont servi dans l&rsquo;op\u00e9ration Iraqi Freedom (OIF) et l&rsquo;op\u00e9ration Enduring Freedom (OEF) sont confront\u00e9s \u00e0 un risque accru de d\u00e9velopper plusieurs maladies respiratoires chroniques, selon une nouvelle recherche pr\u00e9sent\u00e9e lors de la r\u00e9union scientifique annuelle 2025 de l&rsquo;American College of Allergy, Asthma and Immunology (ACAAI) \u00e0 Orlando et parue dans <i>Annales d&rsquo;allergie, d&rsquo;asthme et d&rsquo;immunologie<\/i>.<\/p>\n<p>L&rsquo;\u00e9tude \u00e0 grande \u00e9chelle a examin\u00e9 plus de 48 000 anciens combattants d\u00e9ploy\u00e9s par rapport \u00e0 un groupe appari\u00e9 d&rsquo;anciens combattants non d\u00e9ploy\u00e9s. Les chercheurs ont d\u00e9couvert que le d\u00e9ploiement \u00e9tait associ\u00e9 de mani\u00e8re significative \u00e0 de nouveaux diagnostics d\u2019asthme, de rhinite chronique, de rhinosinusite chronique (SRC) et de polypose nasale (NP) au cours de la d\u00e9cennie suivant le service.<\/p>\n<p>\u00ab\u00a0Les v\u00e9t\u00e9rans d\u00e9ploy\u00e9s en Irak et en Afghanistan \u00e9taient souvent expos\u00e9s \u00e0 des dangers a\u00e9riens tels que des br\u00fblis et des temp\u00eates de poussi\u00e8re\u00a0\u00bb, a d\u00e9clar\u00e9 l&rsquo;allergologue Patrick Gleeson, MD, auteur principal de l&rsquo;\u00e9tude et membre de l&rsquo;ACAAI. \u00ab\u00a0Nous avons constat\u00e9 que ces expositions peuvent avoir des impacts \u00e0 long terme sur la sant\u00e9, en particulier pour les maladies respiratoires qui peuvent affecter la qualit\u00e9 de vie pendant des ann\u00e9es apr\u00e8s le service.\u00a0\u00bb<\/p>\n<p>Les principales conclusions comprenaient\u00a0:<\/p>\n<ul>\n<li>Asthme\u00a0: les anciens combattants d\u00e9ploy\u00e9s pr\u00e9sentaient un risque 55\u00a0% plus \u00e9lev\u00e9 que leurs pairs non d\u00e9ploy\u00e9s.<\/li>\n<li>Rhinite chronique\u00a0: le d\u00e9ploiement \u00e9tait li\u00e9 \u00e0 un risque 41\u00a0% plus \u00e9lev\u00e9.<\/li>\n<li>Rhinosinusite chronique (SRC)\u00a0: risque augment\u00e9 de 27\u00a0%.<\/li>\n<li>Polypose nasale (NP)\u00a0: risque augment\u00e9 de 48\u00a0%.<\/li>\n<\/ul>\n<p>L\u2019analyse a utilis\u00e9 les donn\u00e9es de l\u2019entrep\u00f4t de donn\u00e9es minist\u00e9riel des Anciens Combattants et n\u2019a inclus que les anciens combattants sans ant\u00e9c\u00e9dents des maladies \u00e9tudi\u00e9es. Chaque v\u00e9t\u00e9ran d\u00e9ploy\u00e9 a \u00e9t\u00e9 jumel\u00e9 \u00e0 un v\u00e9t\u00e9ran non d\u00e9ploy\u00e9 du m\u00eame \u00e2ge, sexe, race et origine ethnique.<\/p>\n<p>L&rsquo;\u00e2ge m\u00e9dian au d\u00e9ploiement \u00e9tait de 26,7 ans et la majorit\u00e9 des anciens combattants participant \u00e0 l&rsquo;\u00e9tude \u00e9taient des hommes (84 %) et des Blancs (75 %).<\/p>\n<p>\u00ab Ces r\u00e9sultats soulignent l&rsquo;importance de la surveillance m\u00e9dicale \u00e0 long terme et des soins sp\u00e9cialis\u00e9s pour les anciens combattants ayant servi au sein de l&rsquo;OIF et de l&rsquo;OEF \u00bb, a d\u00e9clar\u00e9 le Dr Gleeson. \u00ab\u00a0Reconna\u00eetre le lien entre le d\u00e9ploiement et les maladies respiratoires peut aider \u00e0 orienter le soutien m\u00e9dical, les politiques et les strat\u00e9gies pr\u00e9ventives pour les personnes touch\u00e9es.\u00a0\u00bb<\/p>\n<p>                                        <!-- print only --><\/p><\/div>\n","protected":false},"excerpt":{"rendered":"<p>Les v\u00e9t\u00e9rans am\u00e9ricains qui ont servi dans l&rsquo;op\u00e9ration Iraqi Freedom (OIF) et l&rsquo;op\u00e9ration Enduring Freedom<\/p>\n","protected":false},"author":1,"featured_media":9308,"comment_status":"closed","ping_status":"","sticky":false,"template":"","format":"standard","meta":{"footnotes":""},"categories":[86],"tags":[3927,105,954,404,4931,43,40],"class_list":["post-11430","post","type-post","status-publish","format-standard","has-post-thumbnail","hentry","category-les-maladies","tag-deploiement","tag-eleve","tag-lie","tag-maladies","tag-militaire","tag-respiratoires","tag-risque","generate-columns","tablet-grid-50","mobile-grid-100","grid-parent","grid-50","resize-featured-image"],"yoast_head":"<!-- This site is optimized with the Yoast SEO plugin v23.4 - https:\/\/yoast.com\/wordpress\/plugins\/seo\/ -->\n<title>Le d\u00e9ploiement militaire li\u00e9 \u00e0 un risque plus \u00e9lev\u00e9 de maladies respiratoires - RVH-Synergie.org<\/title>\n<meta name=\"robots\" content=\"index, follow, max-snippet:-1, max-image-preview:large, max-video-preview:-1\" \/>\n<link rel=\"canonical\" href=\"https:\/\/rvh-synergie.org\/actualites\/le-deploiement-militaire-lie-a-un-risque-plus-eleve-de-maladies-respiratoires\/\" \/>\n<meta property=\"og:locale\" content=\"fr_FR\" \/>\n<meta property=\"og:type\" content=\"article\" \/>\n<meta property=\"og:title\" content=\"Le d\u00e9ploiement militaire li\u00e9 \u00e0 un risque plus \u00e9lev\u00e9 de maladies respiratoires - RVH-Synergie.org\" \/>\n<meta property=\"og:description\" content=\"Les v\u00e9t\u00e9rans am\u00e9ricains qui ont servi dans l&rsquo;op\u00e9ration Iraqi Freedom (OIF) et l&rsquo;op\u00e9ration Enduring Freedom\" \/>\n<meta property=\"og:url\" content=\"https:\/\/rvh-synergie.org\/actualites\/le-deploiement-militaire-lie-a-un-risque-plus-eleve-de-maladies-respiratoires\/\" \/>\n<meta property=\"og:site_name\" content=\"RVH-Synergie\" \/>\n<meta property=\"article:published_time\" content=\"2025-11-06T14:35:35+00:00\" \/>\n<meta property=\"og:image\" content=\"https:\/\/rvh-synergie.org\/actualites\/wp-content\/uploads\/2025\/09\/1757535268_Les-programmes-de-recuperation-des-anciens-combattants-montrent-une-reduction-scaled.jpg\" \/>\n\t<meta property=\"og:image:width\" content=\"2560\" \/>\n\t<meta property=\"og:image:height\" content=\"1707\" \/>\n\t<meta property=\"og:image:type\" content=\"image\/jpeg\" \/>\n<meta name=\"author\" content=\"Charles Martinez\" \/>\n<meta name=\"twitter:card\" content=\"summary_large_image\" \/>\n<meta name=\"twitter:label1\" content=\"\u00c9crit par\" \/>\n\t<meta name=\"twitter:data1\" content=\"Charles Martinez\" \/>\n\t<meta name=\"twitter:label2\" content=\"Dur\u00e9e de lecture estim\u00e9e\" \/>\n\t<meta name=\"twitter:data2\" content=\"2 minutes\" \/>\n<script type=\"application\/ld+json\" class=\"yoast-schema-graph\">{\"@context\":\"https:\/\/schema.org\",\"@graph\":[{\"@type\":\"Article\",\"@id\":\"https:\/\/rvh-synergie.org\/actualites\/le-deploiement-militaire-lie-a-un-risque-plus-eleve-de-maladies-respiratoires\/#article\",\"isPartOf\":{\"@id\":\"https:\/\/rvh-synergie.org\/actualites\/le-deploiement-militaire-lie-a-un-risque-plus-eleve-de-maladies-respiratoires\/\"},\"author\":{\"name\":\"Charles Martinez\",\"@id\":\"https:\/\/rvh-synergie.org\/actualites\/#\/schema\/person\/aa5ea98671fb4e8620f488a0795d2560\"},\"headline\":\"Le d\u00e9ploiement militaire li\u00e9 \u00e0 un risque plus \u00e9lev\u00e9 de maladies respiratoires\",\"datePublished\":\"2025-11-06T14:35:35+00:00\",\"dateModified\":\"2025-11-06T14:35:35+00:00\",\"mainEntityOfPage\":{\"@id\":\"https:\/\/rvh-synergie.org\/actualites\/le-deploiement-militaire-lie-a-un-risque-plus-eleve-de-maladies-respiratoires\/\"},\"wordCount\":440,\"publisher\":{\"@id\":\"https:\/\/rvh-synergie.org\/actualites\/#organization\"},\"image\":{\"@id\":\"https:\/\/rvh-synergie.org\/actualites\/le-deploiement-militaire-lie-a-un-risque-plus-eleve-de-maladies-respiratoires\/#primaryimage\"},\"thumbnailUrl\":\"https:\/\/rvh-synergie.org\/actualites\/wp-content\/uploads\/2025\/09\/1757535268_Les-programmes-de-recuperation-des-anciens-combattants-montrent-une-reduction-scaled.jpg\",\"keywords\":[\"d\u00e9ploiement\",\"\u00e9lev\u00e9\",\"li\u00e9\",\"maladies\",\"militaire\",\"respiratoires\",\"risque\"],\"articleSection\":[\"Les maladies\"],\"inLanguage\":\"fr-FR\"},{\"@type\":\"WebPage\",\"@id\":\"https:\/\/rvh-synergie.org\/actualites\/le-deploiement-militaire-lie-a-un-risque-plus-eleve-de-maladies-respiratoires\/\",\"url\":\"https:\/\/rvh-synergie.org\/actualites\/le-deploiement-militaire-lie-a-un-risque-plus-eleve-de-maladies-respiratoires\/\",\"name\":\"Le d\u00e9ploiement militaire li\u00e9 \u00e0 un risque plus \u00e9lev\u00e9 de maladies respiratoires - RVH-Synergie.org\",\"isPartOf\":{\"@id\":\"https:\/\/rvh-synergie.org\/actualites\/#website\"},\"primaryImageOfPage\":{\"@id\":\"https:\/\/rvh-synergie.org\/actualites\/le-deploiement-militaire-lie-a-un-risque-plus-eleve-de-maladies-respiratoires\/#primaryimage\"},\"image\":{\"@id\":\"https:\/\/rvh-synergie.org\/actualites\/le-deploiement-militaire-lie-a-un-risque-plus-eleve-de-maladies-respiratoires\/#primaryimage\"},\"thumbnailUrl\":\"https:\/\/rvh-synergie.org\/actualites\/wp-content\/uploads\/2025\/09\/1757535268_Les-programmes-de-recuperation-des-anciens-combattants-montrent-une-reduction-scaled.jpg\",\"datePublished\":\"2025-11-06T14:35:35+00:00\",\"dateModified\":\"2025-11-06T14:35:35+00:00\",\"breadcrumb\":{\"@id\":\"https:\/\/rvh-synergie.org\/actualites\/le-deploiement-militaire-lie-a-un-risque-plus-eleve-de-maladies-respiratoires\/#breadcrumb\"},\"inLanguage\":\"fr-FR\",\"potentialAction\":[{\"@type\":\"ReadAction\",\"target\":[\"https:\/\/rvh-synergie.org\/actualites\/le-deploiement-militaire-lie-a-un-risque-plus-eleve-de-maladies-respiratoires\/\"]}]},{\"@type\":\"ImageObject\",\"inLanguage\":\"fr-FR\",\"@id\":\"https:\/\/rvh-synergie.org\/actualites\/le-deploiement-militaire-lie-a-un-risque-plus-eleve-de-maladies-respiratoires\/#primaryimage\",\"url\":\"https:\/\/rvh-synergie.org\/actualites\/wp-content\/uploads\/2025\/09\/1757535268_Les-programmes-de-recuperation-des-anciens-combattants-montrent-une-reduction-scaled.jpg\",\"contentUrl\":\"https:\/\/rvh-synergie.org\/actualites\/wp-content\/uploads\/2025\/09\/1757535268_Les-programmes-de-recuperation-des-anciens-combattants-montrent-une-reduction-scaled.jpg\",\"width\":2560,\"height\":1707,\"caption\":\"Les programmes de r\u00e9cup\u00e9ration des anciens combattants montrent une r\u00e9duction des risques de mortalit\u00e9 par 41% par le syst\u00e8me d'incitation\"},{\"@type\":\"BreadcrumbList\",\"@id\":\"https:\/\/rvh-synergie.org\/actualites\/le-deploiement-militaire-lie-a-un-risque-plus-eleve-de-maladies-respiratoires\/#breadcrumb\",\"itemListElement\":[{\"@type\":\"ListItem\",\"position\":1,\"name\":\"Accueil\",\"item\":\"https:\/\/rvh-synergie.org\/actualites\/\"},{\"@type\":\"ListItem\",\"position\":2,\"name\":\"Le d\u00e9ploiement militaire li\u00e9 \u00e0 un risque plus \u00e9lev\u00e9 de maladies respiratoires\"}]},{\"@type\":\"WebSite\",\"@id\":\"https:\/\/rvh-synergie.org\/actualites\/#website\",\"url\":\"https:\/\/rvh-synergie.org\/actualites\/\",\"name\":\"RVH-Synergie.org\",\"description\":\"RVH-Synergie, site ind\u00e9pendant d&#039;informations sur la prise en charge des addictions.\",\"publisher\":{\"@id\":\"https:\/\/rvh-synergie.org\/actualites\/#organization\"},\"potentialAction\":[{\"@type\":\"SearchAction\",\"target\":{\"@type\":\"EntryPoint\",\"urlTemplate\":\"https:\/\/rvh-synergie.org\/actualites\/?s={search_term_string}\"},\"query-input\":{\"@type\":\"PropertyValueSpecification\",\"valueRequired\":true,\"valueName\":\"search_term_string\"}}],\"inLanguage\":\"fr-FR\"},{\"@type\":\"Organization\",\"@id\":\"https:\/\/rvh-synergie.org\/actualites\/#organization\",\"name\":\"RVH-Synergie.org\",\"url\":\"https:\/\/rvh-synergie.org\/actualites\/\",\"logo\":{\"@type\":\"ImageObject\",\"inLanguage\":\"fr-FR\",\"@id\":\"https:\/\/rvh-synergie.org\/actualites\/#\/schema\/logo\/image\/\",\"url\":\"https:\/\/rvh-synergie.org\/actualites\/wp-content\/uploads\/2024\/09\/favicon.png\",\"contentUrl\":\"https:\/\/rvh-synergie.org\/actualites\/wp-content\/uploads\/2024\/09\/favicon.png\",\"width\":512,\"height\":512,\"caption\":\"RVH-Synergie.org\"},\"image\":{\"@id\":\"https:\/\/rvh-synergie.org\/actualites\/#\/schema\/logo\/image\/\"}},{\"@type\":\"Person\",\"@id\":\"https:\/\/rvh-synergie.org\/actualites\/#\/schema\/person\/aa5ea98671fb4e8620f488a0795d2560\",\"name\":\"Charles Martinez\",\"image\":{\"@type\":\"ImageObject\",\"inLanguage\":\"fr-FR\",\"@id\":\"https:\/\/rvh-synergie.org\/actualites\/#\/schema\/person\/image\/\",\"url\":\"https:\/\/rvh-synergie.org\/actualites\/wp-content\/uploads\/2024\/09\/charles-martinez-scaled.jpg\",\"contentUrl\":\"https:\/\/rvh-synergie.org\/actualites\/wp-content\/uploads\/2024\/09\/charles-martinez-scaled.jpg\",\"caption\":\"Charles Martinez\"},\"description\":\"Bonjour, je m'appelle Charles Martinez, r\u00e9dacteur passionn\u00e9 pour le m\u00e9dia RVH-synergie.org, d\u00e9di\u00e9 aux addictions et aux maladies. Depuis plus de dix ans, j'explore et rapporte les histoires poignantes des individus confront\u00e9s \u00e0 ces d\u00e9fis, tout en sensibilisant le public aux traitements novateurs et aux progr\u00e8s scientifiques dans ce domaine. Mon engagement r\u00e9side dans l'espoir de cr\u00e9er une communaut\u00e9 inform\u00e9e et empathique, pr\u00eate \u00e0 soutenir ceux qui luttent contre ces \u00e9preuves.\",\"sameAs\":[\"https:\/\/rvh-synergie.org\/\"]}]}<\/script>\n<!-- \/ Yoast SEO plugin. -->","yoast_head_json":{"title":"Le d\u00e9ploiement militaire li\u00e9 \u00e0 un risque plus \u00e9lev\u00e9 de maladies respiratoires - RVH-Synergie.org","robots":{"index":"index","follow":"follow","max-snippet":"max-snippet:-1","max-image-preview":"max-image-preview:large","max-video-preview":"max-video-preview:-1"},"canonical":"https:\/\/rvh-synergie.org\/actualites\/le-deploiement-militaire-lie-a-un-risque-plus-eleve-de-maladies-respiratoires\/","og_locale":"fr_FR","og_type":"article","og_title":"Le d\u00e9ploiement militaire li\u00e9 \u00e0 un risque plus \u00e9lev\u00e9 de maladies respiratoires - RVH-Synergie.org","og_description":"Les v\u00e9t\u00e9rans am\u00e9ricains qui ont servi dans l&rsquo;op\u00e9ration Iraqi Freedom (OIF) et l&rsquo;op\u00e9ration Enduring Freedom","og_url":"https:\/\/rvh-synergie.org\/actualites\/le-deploiement-militaire-lie-a-un-risque-plus-eleve-de-maladies-respiratoires\/","og_site_name":"RVH-Synergie","article_published_time":"2025-11-06T14:35:35+00:00","og_image":[{"width":2560,"height":1707,"url":"https:\/\/rvh-synergie.org\/actualites\/wp-content\/uploads\/2025\/09\/1757535268_Les-programmes-de-recuperation-des-anciens-combattants-montrent-une-reduction-scaled.jpg","type":"image\/jpeg"}],"author":"Charles Martinez","twitter_card":"summary_large_image","twitter_misc":{"\u00c9crit par":"Charles Martinez","Dur\u00e9e de lecture estim\u00e9e":"2 minutes"},"schema":{"@context":"https:\/\/schema.org","@graph":[{"@type":"Article","@id":"https:\/\/rvh-synergie.org\/actualites\/le-deploiement-militaire-lie-a-un-risque-plus-eleve-de-maladies-respiratoires\/#article","isPartOf":{"@id":"https:\/\/rvh-synergie.org\/actualites\/le-deploiement-militaire-lie-a-un-risque-plus-eleve-de-maladies-respiratoires\/"},"author":{"name":"Charles Martinez","@id":"https:\/\/rvh-synergie.org\/actualites\/#\/schema\/person\/aa5ea98671fb4e8620f488a0795d2560"},"headline":"Le d\u00e9ploiement militaire li\u00e9 \u00e0 un risque plus \u00e9lev\u00e9 de maladies respiratoires","datePublished":"2025-11-06T14:35:35+00:00","dateModified":"2025-11-06T14:35:35+00:00","mainEntityOfPage":{"@id":"https:\/\/rvh-synergie.org\/actualites\/le-deploiement-militaire-lie-a-un-risque-plus-eleve-de-maladies-respiratoires\/"},"wordCount":440,"publisher":{"@id":"https:\/\/rvh-synergie.org\/actualites\/#organization"},"image":{"@id":"https:\/\/rvh-synergie.org\/actualites\/le-deploiement-militaire-lie-a-un-risque-plus-eleve-de-maladies-respiratoires\/#primaryimage"},"thumbnailUrl":"https:\/\/rvh-synergie.org\/actualites\/wp-content\/uploads\/2025\/09\/1757535268_Les-programmes-de-recuperation-des-anciens-combattants-montrent-une-reduction-scaled.jpg","keywords":["d\u00e9ploiement","\u00e9lev\u00e9","li\u00e9","maladies","militaire","respiratoires","risque"],"articleSection":["Les maladies"],"inLanguage":"fr-FR"},{"@type":"WebPage","@id":"https:\/\/rvh-synergie.org\/actualites\/le-deploiement-militaire-lie-a-un-risque-plus-eleve-de-maladies-respiratoires\/","url":"https:\/\/rvh-synergie.org\/actualites\/le-deploiement-militaire-lie-a-un-risque-plus-eleve-de-maladies-respiratoires\/","name":"Le d\u00e9ploiement militaire li\u00e9 \u00e0 un risque plus \u00e9lev\u00e9 de maladies respiratoires - RVH-Synergie.org","isPartOf":{"@id":"https:\/\/rvh-synergie.org\/actualites\/#website"},"primaryImageOfPage":{"@id":"https:\/\/rvh-synergie.org\/actualites\/le-deploiement-militaire-lie-a-un-risque-plus-eleve-de-maladies-respiratoires\/#primaryimage"},"image":{"@id":"https:\/\/rvh-synergie.org\/actualites\/le-deploiement-militaire-lie-a-un-risque-plus-eleve-de-maladies-respiratoires\/#primaryimage"},"thumbnailUrl":"https:\/\/rvh-synergie.org\/actualites\/wp-content\/uploads\/2025\/09\/1757535268_Les-programmes-de-recuperation-des-anciens-combattants-montrent-une-reduction-scaled.jpg","datePublished":"2025-11-06T14:35:35+00:00","dateModified":"2025-11-06T14:35:35+00:00","breadcrumb":{"@id":"https:\/\/rvh-synergie.org\/actualites\/le-deploiement-militaire-lie-a-un-risque-plus-eleve-de-maladies-respiratoires\/#breadcrumb"},"inLanguage":"fr-FR","potentialAction":[{"@type":"ReadAction","target":["https:\/\/rvh-synergie.org\/actualites\/le-deploiement-militaire-lie-a-un-risque-plus-eleve-de-maladies-respiratoires\/"]}]},{"@type":"ImageObject","inLanguage":"fr-FR","@id":"https:\/\/rvh-synergie.org\/actualites\/le-deploiement-militaire-lie-a-un-risque-plus-eleve-de-maladies-respiratoires\/#primaryimage","url":"https:\/\/rvh-synergie.org\/actualites\/wp-content\/uploads\/2025\/09\/1757535268_Les-programmes-de-recuperation-des-anciens-combattants-montrent-une-reduction-scaled.jpg","contentUrl":"https:\/\/rvh-synergie.org\/actualites\/wp-content\/uploads\/2025\/09\/1757535268_Les-programmes-de-recuperation-des-anciens-combattants-montrent-une-reduction-scaled.jpg","width":2560,"height":1707,"caption":"Les programmes de r\u00e9cup\u00e9ration des anciens combattants montrent une r\u00e9duction des risques de mortalit\u00e9 par 41% par le syst\u00e8me d'incitation"},{"@type":"BreadcrumbList","@id":"https:\/\/rvh-synergie.org\/actualites\/le-deploiement-militaire-lie-a-un-risque-plus-eleve-de-maladies-respiratoires\/#breadcrumb","itemListElement":[{"@type":"ListItem","position":1,"name":"Accueil","item":"https:\/\/rvh-synergie.org\/actualites\/"},{"@type":"ListItem","position":2,"name":"Le d\u00e9ploiement militaire li\u00e9 \u00e0 un risque plus \u00e9lev\u00e9 de maladies respiratoires"}]},{"@type":"WebSite","@id":"https:\/\/rvh-synergie.org\/actualites\/#website","url":"https:\/\/rvh-synergie.org\/actualites\/","name":"RVH-Synergie.org","description":"RVH-Synergie, site ind\u00e9pendant d&#039;informations sur la prise en charge des addictions.","publisher":{"@id":"https:\/\/rvh-synergie.org\/actualites\/#organization"},"potentialAction":[{"@type":"SearchAction","target":{"@type":"EntryPoint","urlTemplate":"https:\/\/rvh-synergie.org\/actualites\/?s={search_term_string}"},"query-input":{"@type":"PropertyValueSpecification","valueRequired":true,"valueName":"search_term_string"}}],"inLanguage":"fr-FR"},{"@type":"Organization","@id":"https:\/\/rvh-synergie.org\/actualites\/#organization","name":"RVH-Synergie.org","url":"https:\/\/rvh-synergie.org\/actualites\/","logo":{"@type":"ImageObject","inLanguage":"fr-FR","@id":"https:\/\/rvh-synergie.org\/actualites\/#\/schema\/logo\/image\/","url":"https:\/\/rvh-synergie.org\/actualites\/wp-content\/uploads\/2024\/09\/favicon.png","contentUrl":"https:\/\/rvh-synergie.org\/actualites\/wp-content\/uploads\/2024\/09\/favicon.png","width":512,"height":512,"caption":"RVH-Synergie.org"},"image":{"@id":"https:\/\/rvh-synergie.org\/actualites\/#\/schema\/logo\/image\/"}},{"@type":"Person","@id":"https:\/\/rvh-synergie.org\/actualites\/#\/schema\/person\/aa5ea98671fb4e8620f488a0795d2560","name":"Charles Martinez","image":{"@type":"ImageObject","inLanguage":"fr-FR","@id":"https:\/\/rvh-synergie.org\/actualites\/#\/schema\/person\/image\/","url":"https:\/\/rvh-synergie.org\/actualites\/wp-content\/uploads\/2024\/09\/charles-martinez-scaled.jpg","contentUrl":"https:\/\/rvh-synergie.org\/actualites\/wp-content\/uploads\/2024\/09\/charles-martinez-scaled.jpg","caption":"Charles Martinez"},"description":"Bonjour, je m'appelle Charles Martinez, r\u00e9dacteur passionn\u00e9 pour le m\u00e9dia RVH-synergie.org, d\u00e9di\u00e9 aux addictions et aux maladies. Depuis plus de dix ans, j'explore et rapporte les histoires poignantes des individus confront\u00e9s \u00e0 ces d\u00e9fis, tout en sensibilisant le public aux traitements novateurs et aux progr\u00e8s scientifiques dans ce domaine. Mon engagement r\u00e9side dans l'espoir de cr\u00e9er une communaut\u00e9 inform\u00e9e et empathique, pr\u00eate \u00e0 soutenir ceux qui luttent contre ces \u00e9preuves.","sameAs":["https:\/\/rvh-synergie.org\/"]}]}},"_links":{"self":[{"href":"https:\/\/rvh-synergie.org\/actualites\/wp-json\/wp\/v2\/posts\/11430","targetHints":{"allow":["GET"]}}],"collection":[{"href":"https:\/\/rvh-synergie.org\/actualites\/wp-json\/wp\/v2\/posts"}],"about":[{"href":"https:\/\/rvh-synergie.org\/actualites\/wp-json\/wp\/v2\/types\/post"}],"author":[{"embeddable":true,"href":"https:\/\/rvh-synergie.org\/actualites\/wp-json\/wp\/v2\/users\/1"}],"replies":[{"embeddable":true,"href":"https:\/\/rvh-synergie.org\/actualites\/wp-json\/wp\/v2\/comments?post=11430"}],"version-history":[{"count":0,"href":"https:\/\/rvh-synergie.org\/actualites\/wp-json\/wp\/v2\/posts\/11430\/revisions"}],"wp:featuredmedia":[{"embeddable":true,"href":"https:\/\/rvh-synergie.org\/actualites\/wp-json\/wp\/v2\/media\/9308"}],"wp:attachment":[{"href":"https:\/\/rvh-synergie.org\/actualites\/wp-json\/wp\/v2\/media?parent=11430"}],"wp:term":[{"taxonomy":"category","embeddable":true,"href":"https:\/\/rvh-synergie.org\/actualites\/wp-json\/wp\/v2\/categories?post=11430"},{"taxonomy":"post_tag","embeddable":true,"href":"https:\/\/rvh-synergie.org\/actualites\/wp-json\/wp\/v2\/tags?post=11430"}],"curies":[{"name":"wp","href":"https:\/\/api.w.org\/{rel}","templated":true}]}}