{"id":11422,"date":"2025-11-06T12:53:40","date_gmt":"2025-11-06T11:53:40","guid":{"rendered":"https:\/\/rvh-synergie.org\/actualites\/letude-explique-comment-la-medecine-integrative-pediatrique-peut-etre-mise-en-oeuvre-au-sein-dun-grand-systeme-de-sante\/"},"modified":"2025-11-06T12:53:48","modified_gmt":"2025-11-06T11:53:48","slug":"letude-explique-comment-la-medecine-integrative-pediatrique-peut-etre-mise-en-oeuvre-au-sein-dun-grand-systeme-de-sante","status":"publish","type":"post","link":"https:\/\/rvh-synergie.org\/actualites\/letude-explique-comment-la-medecine-integrative-pediatrique-peut-etre-mise-en-oeuvre-au-sein-dun-grand-systeme-de-sante\/","title":{"rendered":"L&rsquo;\u00e9tude explique comment la m\u00e9decine int\u00e9grative p\u00e9diatrique peut \u00eatre mise en \u0153uvre au sein d&rsquo;un grand syst\u00e8me de sant\u00e9"},"content":{"rendered":"<div>\n<div class=\"article-gallery lightGallery\">\n<div data-thumb=\"https:\/\/scx1.b-cdn.net\/csz\/news\/tmb\/2025\/new-study-demonstrates.jpg\" data-src=\"https:\/\/scx2.b-cdn.net\/gfx\/news\/hires\/2025\/new-study-demonstrates.jpg\" data-sub-html=\"UH Cleveland Medical Center. Credit: University Hospitals\">\n<figure class=\"article-img\">\n<\/figure><\/div>\n<\/div>\n<p>Une nouvelle \u00e9tude men\u00e9e par les h\u00f4pitaux universitaires Connor Whole Health met en \u00e9vidence l\u2019impact des services de m\u00e9decine int\u00e9grative p\u00e9diatrique. Ce programme autonome unique, fonctionnant au sein de l&rsquo;UH Rainbow Babies &#038; Children&rsquo;s Hospital, int\u00e8gre des th\u00e9rapies compl\u00e9mentaires, telles que des interventions li\u00e9es au mode de vie, des suppl\u00e9ments, des plantes m\u00e9dicinales, des strat\u00e9gies cognitives et des th\u00e9rapies corporelles, aux c\u00f4t\u00e9s des pratiques m\u00e9dicales conventionnelles.<\/p>\n<p>L&rsquo;\u00e9tude, publi\u00e9e dans la revue <i>Progr\u00e8s mondiaux en m\u00e9decine int\u00e9grative et en sant\u00e9<\/i>d\u00e9crit comment cette approche combin\u00e9e peut aider \u00e0 combler les lacunes dans les soins prodigu\u00e9s aux patients p\u00e9diatriques atteints de pathologies complexes.<\/p>\n<p>La population p\u00e9diatrique am\u00e9ricaine conna\u00eet une augmentation des maladies chroniques telles que l&rsquo;ob\u00e9sit\u00e9, le diab\u00e8te, l&rsquo;asthme, les maladies auto-immunes et les probl\u00e8mes de sant\u00e9 mentale, y compris ceux associ\u00e9s aux m\u00e9dias sociaux.<\/p>\n<p>La m\u00e9decine int\u00e9grative p\u00e9diatrique appara\u00eet comme une solution prometteuse. Cependant, le paysage publi\u00e9 d\u00e9crivant comment ces services sont mis en \u0153uvre et quels patients p\u00e9diatriques b\u00e9n\u00e9ficient de la m\u00e9decine int\u00e9grative reste de port\u00e9e limit\u00e9e.<\/p>\n<p>Le programme UH Connor Whole Health Pediatrics (UH CWHP) a \u00e9t\u00e9 lanc\u00e9 en 2020 en tant que service dirig\u00e9 par des m\u00e9decins avec une large int\u00e9gration de services, r\u00e9pondant aux demandes de soins complets. Cette \u00e9tude a examin\u00e9 les donn\u00e9es d\u00e9mographiques des patients, les caract\u00e9ristiques cliniques et les strat\u00e9gies de traitement utilis\u00e9es au sein de l&rsquo;UH CWHP.<\/p>\n<p>Cette \u00e9tude r\u00e9trospective a examin\u00e9 2\u00a0677 visites ambulatoires UH CWHP parmi 657 patients de mars 2020 \u00e0 septembre 2023.<\/p>\n<p>Parmi ces patients, les affections courantes comprenaient l&rsquo;anxi\u00e9t\u00e9 (59,2 %), la fatigue (44,4 %), les maux de t\u00eate (43,1 %), les douleurs abdominales (33,6 %), la constipation (33,0 %) et le long COVID (24,7 %). Les interventions fr\u00e9quemment recommand\u00e9es comprenaient des changements alimentaires (61,8 %), des soins personnels (33,8 %), des massages (21,0 %) et de l&rsquo;acupuncture (19,2 %). Les suppl\u00e9ments souvent sugg\u00e9r\u00e9s \u00e9taient les probiotiques (49,9 %), la vitamine D (42,6 %), les multivitamines (41,9 %) et l&rsquo;huile de poisson (39,4 %).<\/p>\n<p>L\u2019\u00e9tude a r\u00e9v\u00e9l\u00e9 que de nombreux patients anxieux pr\u00e9f\u00e9raient les traitements non m\u00e9dicamenteux et \u00e9taient r\u00e9ceptifs \u00e0 l\u2019apprentissage de nouvelles comp\u00e9tences d\u2019adaptation telles que le recadrage cognitif, les techniques de respiration, les modifications alimentaires et la gestion du dialogue int\u00e9rieur.<\/p>\n<p>Les patients ont appr\u00e9ci\u00e9 les connaissances de la m\u00e9decine traditionnelle chinoise et environ 30 % ont utilis\u00e9 un traitement \u00e0 base de plantes chinoises. Les personnes souffrant d&rsquo;anxi\u00e9t\u00e9 li\u00e9e \u00e0 une longue COVID avaient souvent besoin de traitements suppl\u00e9mentaires (par exemple, des antihistaminiques). Pour la fatigue li\u00e9e \u00e0 une longue COVID et pour de nombreux patients atteints d\u2019enc\u00e9phalomy\u00e9lite myalgique\/syndrome de fatigue chronique, la stimulation et la naltrexone \u00e0 faible dose \u00e9taient des interventions cl\u00e9s.<\/p>\n<p>Les interventions di\u00e9t\u00e9tiques et la gestion nutritionnelle se sont concentr\u00e9es sur des changements r\u00e9alistes et favorables \u00e0 la famille vers des aliments riches en nutriments et peu transform\u00e9s. Des probiotiques ont \u00e9t\u00e9 prescrits \u00e0 des sous-groupes de patients pr\u00e9sentant une dysbiose g\u00e9n\u00e9ralement li\u00e9e \u00e0 l\u2019alimentation et aux antibiotiques.<\/p>\n<p>Environ 30 % des patients pr\u00e9sentaient une carence en vitamine D. En outre, les patients pr\u00e9sentant des d\u00e9s\u00e9quilibres d\u2019humeur saisonniers se sont vu prescrire une luminoth\u00e9rapie comme traitement non m\u00e9dicamenteux utile.<\/p>\n<p>De plus, cette \u00e9tude a r\u00e9v\u00e9l\u00e9 que la douleur myofasciale \u00e9tait souvent n\u00e9glig\u00e9e avant les visites \u00e0 l&rsquo;UH CWHP. Le traitement \u00e9tait ax\u00e9 sur l\u2019enseignement aux patients de techniques d\u2019autosoins myofasciaux pour g\u00e9rer la douleur et r\u00e9duire la d\u00e9pendance aux m\u00e9dicaments.<\/p>\n<p>Gua Sha, une technique de m\u00e9decine traditionnelle chinoise, \u00e9tait fr\u00e9quemment utilis\u00e9e et enseign\u00e9e pour la gestion de la douleur \u00e0 domicile. De plus, les troubles du sommeil et l&rsquo;insomnie \u00e9taient fr\u00e9quents, avec des facteurs contributifs tels que l&rsquo;utilisation d&rsquo;un \u00e9cran avant de se coucher et des routines incoh\u00e9rentes. Le soutien comprenait une \u00e9ducation au sommeil, une orientation vers des m\u00e9dicaments du sommeil, de la m\u00e9latonine, des traitements \u00e0 base de plantes chinoises et la gestion de la carence en fer.<\/p>\n<p>\u00ab La m\u00e9decine int\u00e9grative p\u00e9diatrique peut combler les principales lacunes des services des syst\u00e8mes de sant\u00e9 existants, en particulier en ce qui concerne l&rsquo;offre de m\u00e9thodes non pharmacologiques de contr\u00f4le de la douleur et de strat\u00e9gies de r\u00e9gulation \u00e9motionnelle. Elle peut \u00e9galement servir des populations complexes telles que les patients atteints de longue COVID et d&rsquo;enc\u00e9phalomy\u00e9lite myalgique\/syndrome de fatigue chronique qui n&rsquo;ont pas autrement de foyer au sein du syst\u00e8me m\u00e9dical \u00bb, a d\u00e9clar\u00e9 David W. Miller, MD, FAAP, L.Ac., Dipl. OM, chercheur principal de l&rsquo;\u00e9tude, directeur m\u00e9dical de la m\u00e9decine int\u00e9grative p\u00e9diatrique, et Fran\u00e7oise Adan, MD, directrice dot\u00e9e de Connor Whole Health Leadership.<\/p>\n<p>\u00ab Les patients appr\u00e9cient \u00e9galement les soins qui incluent la modification de leur r\u00e9gime alimentaire et de leur mode de vie, et appr\u00e9cient l&rsquo;int\u00e9gration de la phytoth\u00e9rapie aux approches de soins conventionnelles. Travailler avec un m\u00e9decin qualifi\u00e9 aide les patients \u00e0 comprendre ce qui est s\u00fbr et probablement efficace, et les aide \u00e0 naviguer dans la vaste information disponible sur Internet.<\/p>\n<p>\u00ab L&rsquo;ensemble du mod\u00e8le de soins de sant\u00e9 fournit un cadre pour comprendre ce qui compte le plus pour nos patients. Cette \u00e9tude d\u00e9montre la vari\u00e9t\u00e9 de strat\u00e9gies d&rsquo;int\u00e9gration et de style de vie qui peuvent \u00eatre mises en \u0153uvre pour am\u00e9liorer la sant\u00e9 de nos patients p\u00e9diatriques \u00bb, a d\u00e9clar\u00e9 Kristi Artz, MD, MS, FACLM, CCMS, vice-pr\u00e9sidente de UH Connor Whole Health et titulaire de la chaire Sara H. Connor en sant\u00e9 int\u00e9grative.<\/p>\n<p>UH Connor Whole Health met actuellement en \u0153uvre des mesures des r\u00e9sultats rapport\u00e9s par les patients au sein de ses cliniques pour s&rsquo;appuyer sur ces r\u00e9sultats et mieux d\u00e9crire les effets de la m\u00e9decine int\u00e9grative p\u00e9diatrique sur les r\u00e9sultats pour les patients.<\/p>\n<p>                                        <!-- print only --><\/p><\/div>\n","protected":false},"excerpt":{"rendered":"<p>Une nouvelle \u00e9tude men\u00e9e par les h\u00f4pitaux universitaires Connor Whole Health met en \u00e9vidence l\u2019impact<\/p>\n","protected":false},"author":1,"featured_media":11423,"comment_status":"closed","ping_status":"","sticky":false,"template":"","format":"standard","meta":{"footnotes":""},"categories":[86],"tags":[182,528,204,1237,704,7562,1346,1317,2448,7563,4414,669,212,4638,843],"class_list":["post-11422","post","type-post","status-publish","format-standard","has-post-thumbnail","hentry","category-les-maladies","tag-comment","tag-dun","tag-etre","tag-explique","tag-grand","tag-integrative","tag-letude","tag-medecine","tag-mise","tag-oeuvre","tag-pediatrique","tag-peut","tag-sante","tag-sein","tag-systeme","generate-columns","tablet-grid-50","mobile-grid-100","grid-parent","grid-50","resize-featured-image"],"yoast_head":"<!-- This site is optimized with the Yoast SEO plugin v23.4 - https:\/\/yoast.com\/wordpress\/plugins\/seo\/ -->\n<title>L&#039;\u00e9tude explique comment la m\u00e9decine int\u00e9grative p\u00e9diatrique peut \u00eatre mise en \u0153uvre au sein d&#039;un grand syst\u00e8me de sant\u00e9 - RVH-Synergie.org<\/title>\n<meta name=\"robots\" content=\"index, follow, max-snippet:-1, max-image-preview:large, max-video-preview:-1\" \/>\n<link rel=\"canonical\" href=\"https:\/\/rvh-synergie.org\/actualites\/letude-explique-comment-la-medecine-integrative-pediatrique-peut-etre-mise-en-oeuvre-au-sein-dun-grand-systeme-de-sante\/\" \/>\n<meta property=\"og:locale\" content=\"fr_FR\" \/>\n<meta property=\"og:type\" content=\"article\" \/>\n<meta property=\"og:title\" content=\"L&#039;\u00e9tude explique comment la m\u00e9decine int\u00e9grative p\u00e9diatrique peut \u00eatre mise en \u0153uvre au sein d&#039;un grand syst\u00e8me de sant\u00e9 - RVH-Synergie.org\" \/>\n<meta property=\"og:description\" content=\"Une nouvelle \u00e9tude men\u00e9e par les h\u00f4pitaux universitaires Connor Whole Health met en \u00e9vidence l\u2019impact\" \/>\n<meta property=\"og:url\" content=\"https:\/\/rvh-synergie.org\/actualites\/letude-explique-comment-la-medecine-integrative-pediatrique-peut-etre-mise-en-oeuvre-au-sein-dun-grand-systeme-de-sante\/\" \/>\n<meta property=\"og:site_name\" content=\"RVH-Synergie\" \/>\n<meta property=\"article:published_time\" content=\"2025-11-06T11:53:40+00:00\" \/>\n<meta property=\"article:modified_time\" content=\"2025-11-06T11:53:48+00:00\" \/>\n<meta property=\"og:image\" content=\"https:\/\/rvh-synergie.org\/actualites\/wp-content\/uploads\/2025\/11\/1762430020_Letude-explique-comment-la-medecine-integrative-pediatrique-peut-etre-mise-scaled.jpg\" \/>\n\t<meta property=\"og:image:width\" content=\"2560\" \/>\n\t<meta property=\"og:image:height\" content=\"1280\" \/>\n\t<meta property=\"og:image:type\" content=\"image\/jpeg\" \/>\n<meta name=\"author\" content=\"Charles Martinez\" \/>\n<meta name=\"twitter:card\" content=\"summary_large_image\" \/>\n<meta name=\"twitter:label1\" content=\"\u00c9crit par\" \/>\n\t<meta name=\"twitter:data1\" content=\"Charles Martinez\" \/>\n\t<meta name=\"twitter:label2\" content=\"Dur\u00e9e de lecture estim\u00e9e\" \/>\n\t<meta name=\"twitter:data2\" content=\"5 minutes\" \/>\n<script type=\"application\/ld+json\" class=\"yoast-schema-graph\">{\"@context\":\"https:\/\/schema.org\",\"@graph\":[{\"@type\":\"Article\",\"@id\":\"https:\/\/rvh-synergie.org\/actualites\/letude-explique-comment-la-medecine-integrative-pediatrique-peut-etre-mise-en-oeuvre-au-sein-dun-grand-systeme-de-sante\/#article\",\"isPartOf\":{\"@id\":\"https:\/\/rvh-synergie.org\/actualites\/letude-explique-comment-la-medecine-integrative-pediatrique-peut-etre-mise-en-oeuvre-au-sein-dun-grand-systeme-de-sante\/\"},\"author\":{\"name\":\"Charles Martinez\",\"@id\":\"https:\/\/rvh-synergie.org\/actualites\/#\/schema\/person\/aa5ea98671fb4e8620f488a0795d2560\"},\"headline\":\"L&rsquo;\u00e9tude explique comment la m\u00e9decine int\u00e9grative p\u00e9diatrique peut \u00eatre mise en \u0153uvre au sein d&rsquo;un grand syst\u00e8me de sant\u00e9\",\"datePublished\":\"2025-11-06T11:53:40+00:00\",\"dateModified\":\"2025-11-06T11:53:48+00:00\",\"mainEntityOfPage\":{\"@id\":\"https:\/\/rvh-synergie.org\/actualites\/letude-explique-comment-la-medecine-integrative-pediatrique-peut-etre-mise-en-oeuvre-au-sein-dun-grand-systeme-de-sante\/\"},\"wordCount\":1074,\"publisher\":{\"@id\":\"https:\/\/rvh-synergie.org\/actualites\/#organization\"},\"image\":{\"@id\":\"https:\/\/rvh-synergie.org\/actualites\/letude-explique-comment-la-medecine-integrative-pediatrique-peut-etre-mise-en-oeuvre-au-sein-dun-grand-systeme-de-sante\/#primaryimage\"},\"thumbnailUrl\":\"https:\/\/rvh-synergie.org\/actualites\/wp-content\/uploads\/2025\/11\/1762430020_Letude-explique-comment-la-medecine-integrative-pediatrique-peut-etre-mise-scaled.jpg\",\"keywords\":[\"comment\",\"dun\",\"\u00eatre\",\"explique\",\"grand\",\"int\u00e9grative\",\"L\u00e9tude\",\"m\u00e9decine\",\"mise\",\"\u0153uvre\",\"p\u00e9diatrique\",\"peut\",\"sant\u00e9\",\"sein\",\"syst\u00e8me\"],\"articleSection\":[\"Les maladies\"],\"inLanguage\":\"fr-FR\"},{\"@type\":\"WebPage\",\"@id\":\"https:\/\/rvh-synergie.org\/actualites\/letude-explique-comment-la-medecine-integrative-pediatrique-peut-etre-mise-en-oeuvre-au-sein-dun-grand-systeme-de-sante\/\",\"url\":\"https:\/\/rvh-synergie.org\/actualites\/letude-explique-comment-la-medecine-integrative-pediatrique-peut-etre-mise-en-oeuvre-au-sein-dun-grand-systeme-de-sante\/\",\"name\":\"L'\u00e9tude explique comment la m\u00e9decine int\u00e9grative p\u00e9diatrique peut \u00eatre mise en \u0153uvre au sein d'un grand syst\u00e8me de sant\u00e9 - RVH-Synergie.org\",\"isPartOf\":{\"@id\":\"https:\/\/rvh-synergie.org\/actualites\/#website\"},\"primaryImageOfPage\":{\"@id\":\"https:\/\/rvh-synergie.org\/actualites\/letude-explique-comment-la-medecine-integrative-pediatrique-peut-etre-mise-en-oeuvre-au-sein-dun-grand-systeme-de-sante\/#primaryimage\"},\"image\":{\"@id\":\"https:\/\/rvh-synergie.org\/actualites\/letude-explique-comment-la-medecine-integrative-pediatrique-peut-etre-mise-en-oeuvre-au-sein-dun-grand-systeme-de-sante\/#primaryimage\"},\"thumbnailUrl\":\"https:\/\/rvh-synergie.org\/actualites\/wp-content\/uploads\/2025\/11\/1762430020_Letude-explique-comment-la-medecine-integrative-pediatrique-peut-etre-mise-scaled.jpg\",\"datePublished\":\"2025-11-06T11:53:40+00:00\",\"dateModified\":\"2025-11-06T11:53:48+00:00\",\"breadcrumb\":{\"@id\":\"https:\/\/rvh-synergie.org\/actualites\/letude-explique-comment-la-medecine-integrative-pediatrique-peut-etre-mise-en-oeuvre-au-sein-dun-grand-systeme-de-sante\/#breadcrumb\"},\"inLanguage\":\"fr-FR\",\"potentialAction\":[{\"@type\":\"ReadAction\",\"target\":[\"https:\/\/rvh-synergie.org\/actualites\/letude-explique-comment-la-medecine-integrative-pediatrique-peut-etre-mise-en-oeuvre-au-sein-dun-grand-systeme-de-sante\/\"]}]},{\"@type\":\"ImageObject\",\"inLanguage\":\"fr-FR\",\"@id\":\"https:\/\/rvh-synergie.org\/actualites\/letude-explique-comment-la-medecine-integrative-pediatrique-peut-etre-mise-en-oeuvre-au-sein-dun-grand-systeme-de-sante\/#primaryimage\",\"url\":\"https:\/\/rvh-synergie.org\/actualites\/wp-content\/uploads\/2025\/11\/1762430020_Letude-explique-comment-la-medecine-integrative-pediatrique-peut-etre-mise-scaled.jpg\",\"contentUrl\":\"https:\/\/rvh-synergie.org\/actualites\/wp-content\/uploads\/2025\/11\/1762430020_Letude-explique-comment-la-medecine-integrative-pediatrique-peut-etre-mise-scaled.jpg\",\"width\":2560,\"height\":1280,\"caption\":\"L'\u00e9tude explique comment la m\u00e9decine int\u00e9grative p\u00e9diatrique peut \u00eatre mise en \u0153uvre au sein d'un grand syst\u00e8me de sant\u00e9\"},{\"@type\":\"BreadcrumbList\",\"@id\":\"https:\/\/rvh-synergie.org\/actualites\/letude-explique-comment-la-medecine-integrative-pediatrique-peut-etre-mise-en-oeuvre-au-sein-dun-grand-systeme-de-sante\/#breadcrumb\",\"itemListElement\":[{\"@type\":\"ListItem\",\"position\":1,\"name\":\"Accueil\",\"item\":\"https:\/\/rvh-synergie.org\/actualites\/\"},{\"@type\":\"ListItem\",\"position\":2,\"name\":\"L&rsquo;\u00e9tude explique comment la m\u00e9decine int\u00e9grative p\u00e9diatrique peut \u00eatre mise en \u0153uvre au sein d&rsquo;un grand syst\u00e8me de sant\u00e9\"}]},{\"@type\":\"WebSite\",\"@id\":\"https:\/\/rvh-synergie.org\/actualites\/#website\",\"url\":\"https:\/\/rvh-synergie.org\/actualites\/\",\"name\":\"RVH-Synergie.org\",\"description\":\"RVH-Synergie, site ind\u00e9pendant d&#039;informations sur la prise en charge des addictions.\",\"publisher\":{\"@id\":\"https:\/\/rvh-synergie.org\/actualites\/#organization\"},\"potentialAction\":[{\"@type\":\"SearchAction\",\"target\":{\"@type\":\"EntryPoint\",\"urlTemplate\":\"https:\/\/rvh-synergie.org\/actualites\/?s={search_term_string}\"},\"query-input\":{\"@type\":\"PropertyValueSpecification\",\"valueRequired\":true,\"valueName\":\"search_term_string\"}}],\"inLanguage\":\"fr-FR\"},{\"@type\":\"Organization\",\"@id\":\"https:\/\/rvh-synergie.org\/actualites\/#organization\",\"name\":\"RVH-Synergie.org\",\"url\":\"https:\/\/rvh-synergie.org\/actualites\/\",\"logo\":{\"@type\":\"ImageObject\",\"inLanguage\":\"fr-FR\",\"@id\":\"https:\/\/rvh-synergie.org\/actualites\/#\/schema\/logo\/image\/\",\"url\":\"https:\/\/rvh-synergie.org\/actualites\/wp-content\/uploads\/2024\/09\/favicon.png\",\"contentUrl\":\"https:\/\/rvh-synergie.org\/actualites\/wp-content\/uploads\/2024\/09\/favicon.png\",\"width\":512,\"height\":512,\"caption\":\"RVH-Synergie.org\"},\"image\":{\"@id\":\"https:\/\/rvh-synergie.org\/actualites\/#\/schema\/logo\/image\/\"}},{\"@type\":\"Person\",\"@id\":\"https:\/\/rvh-synergie.org\/actualites\/#\/schema\/person\/aa5ea98671fb4e8620f488a0795d2560\",\"name\":\"Charles Martinez\",\"image\":{\"@type\":\"ImageObject\",\"inLanguage\":\"fr-FR\",\"@id\":\"https:\/\/rvh-synergie.org\/actualites\/#\/schema\/person\/image\/\",\"url\":\"https:\/\/rvh-synergie.org\/actualites\/wp-content\/uploads\/2024\/09\/charles-martinez-scaled.jpg\",\"contentUrl\":\"https:\/\/rvh-synergie.org\/actualites\/wp-content\/uploads\/2024\/09\/charles-martinez-scaled.jpg\",\"caption\":\"Charles Martinez\"},\"description\":\"Bonjour, je m'appelle Charles Martinez, r\u00e9dacteur passionn\u00e9 pour le m\u00e9dia RVH-synergie.org, d\u00e9di\u00e9 aux addictions et aux maladies. Depuis plus de dix ans, j'explore et rapporte les histoires poignantes des individus confront\u00e9s \u00e0 ces d\u00e9fis, tout en sensibilisant le public aux traitements novateurs et aux progr\u00e8s scientifiques dans ce domaine. Mon engagement r\u00e9side dans l'espoir de cr\u00e9er une communaut\u00e9 inform\u00e9e et empathique, pr\u00eate \u00e0 soutenir ceux qui luttent contre ces \u00e9preuves.\",\"sameAs\":[\"https:\/\/rvh-synergie.org\/\"]}]}<\/script>\n<!-- \/ Yoast SEO plugin. -->","yoast_head_json":{"title":"L'\u00e9tude explique comment la m\u00e9decine int\u00e9grative p\u00e9diatrique peut \u00eatre mise en \u0153uvre au sein d'un grand syst\u00e8me de sant\u00e9 - RVH-Synergie.org","robots":{"index":"index","follow":"follow","max-snippet":"max-snippet:-1","max-image-preview":"max-image-preview:large","max-video-preview":"max-video-preview:-1"},"canonical":"https:\/\/rvh-synergie.org\/actualites\/letude-explique-comment-la-medecine-integrative-pediatrique-peut-etre-mise-en-oeuvre-au-sein-dun-grand-systeme-de-sante\/","og_locale":"fr_FR","og_type":"article","og_title":"L'\u00e9tude explique comment la m\u00e9decine int\u00e9grative p\u00e9diatrique peut \u00eatre mise en \u0153uvre au sein d'un grand syst\u00e8me de sant\u00e9 - RVH-Synergie.org","og_description":"Une nouvelle \u00e9tude men\u00e9e par les h\u00f4pitaux universitaires Connor Whole Health met en \u00e9vidence l\u2019impact","og_url":"https:\/\/rvh-synergie.org\/actualites\/letude-explique-comment-la-medecine-integrative-pediatrique-peut-etre-mise-en-oeuvre-au-sein-dun-grand-systeme-de-sante\/","og_site_name":"RVH-Synergie","article_published_time":"2025-11-06T11:53:40+00:00","article_modified_time":"2025-11-06T11:53:48+00:00","og_image":[{"width":2560,"height":1280,"url":"https:\/\/rvh-synergie.org\/actualites\/wp-content\/uploads\/2025\/11\/1762430020_Letude-explique-comment-la-medecine-integrative-pediatrique-peut-etre-mise-scaled.jpg","type":"image\/jpeg"}],"author":"Charles Martinez","twitter_card":"summary_large_image","twitter_misc":{"\u00c9crit par":"Charles Martinez","Dur\u00e9e de lecture estim\u00e9e":"5 minutes"},"schema":{"@context":"https:\/\/schema.org","@graph":[{"@type":"Article","@id":"https:\/\/rvh-synergie.org\/actualites\/letude-explique-comment-la-medecine-integrative-pediatrique-peut-etre-mise-en-oeuvre-au-sein-dun-grand-systeme-de-sante\/#article","isPartOf":{"@id":"https:\/\/rvh-synergie.org\/actualites\/letude-explique-comment-la-medecine-integrative-pediatrique-peut-etre-mise-en-oeuvre-au-sein-dun-grand-systeme-de-sante\/"},"author":{"name":"Charles Martinez","@id":"https:\/\/rvh-synergie.org\/actualites\/#\/schema\/person\/aa5ea98671fb4e8620f488a0795d2560"},"headline":"L&rsquo;\u00e9tude explique comment la m\u00e9decine int\u00e9grative p\u00e9diatrique peut \u00eatre mise en \u0153uvre au sein d&rsquo;un grand syst\u00e8me de sant\u00e9","datePublished":"2025-11-06T11:53:40+00:00","dateModified":"2025-11-06T11:53:48+00:00","mainEntityOfPage":{"@id":"https:\/\/rvh-synergie.org\/actualites\/letude-explique-comment-la-medecine-integrative-pediatrique-peut-etre-mise-en-oeuvre-au-sein-dun-grand-systeme-de-sante\/"},"wordCount":1074,"publisher":{"@id":"https:\/\/rvh-synergie.org\/actualites\/#organization"},"image":{"@id":"https:\/\/rvh-synergie.org\/actualites\/letude-explique-comment-la-medecine-integrative-pediatrique-peut-etre-mise-en-oeuvre-au-sein-dun-grand-systeme-de-sante\/#primaryimage"},"thumbnailUrl":"https:\/\/rvh-synergie.org\/actualites\/wp-content\/uploads\/2025\/11\/1762430020_Letude-explique-comment-la-medecine-integrative-pediatrique-peut-etre-mise-scaled.jpg","keywords":["comment","dun","\u00eatre","explique","grand","int\u00e9grative","L\u00e9tude","m\u00e9decine","mise","\u0153uvre","p\u00e9diatrique","peut","sant\u00e9","sein","syst\u00e8me"],"articleSection":["Les maladies"],"inLanguage":"fr-FR"},{"@type":"WebPage","@id":"https:\/\/rvh-synergie.org\/actualites\/letude-explique-comment-la-medecine-integrative-pediatrique-peut-etre-mise-en-oeuvre-au-sein-dun-grand-systeme-de-sante\/","url":"https:\/\/rvh-synergie.org\/actualites\/letude-explique-comment-la-medecine-integrative-pediatrique-peut-etre-mise-en-oeuvre-au-sein-dun-grand-systeme-de-sante\/","name":"L'\u00e9tude explique comment la m\u00e9decine int\u00e9grative p\u00e9diatrique peut \u00eatre mise en \u0153uvre au sein d'un grand syst\u00e8me de sant\u00e9 - RVH-Synergie.org","isPartOf":{"@id":"https:\/\/rvh-synergie.org\/actualites\/#website"},"primaryImageOfPage":{"@id":"https:\/\/rvh-synergie.org\/actualites\/letude-explique-comment-la-medecine-integrative-pediatrique-peut-etre-mise-en-oeuvre-au-sein-dun-grand-systeme-de-sante\/#primaryimage"},"image":{"@id":"https:\/\/rvh-synergie.org\/actualites\/letude-explique-comment-la-medecine-integrative-pediatrique-peut-etre-mise-en-oeuvre-au-sein-dun-grand-systeme-de-sante\/#primaryimage"},"thumbnailUrl":"https:\/\/rvh-synergie.org\/actualites\/wp-content\/uploads\/2025\/11\/1762430020_Letude-explique-comment-la-medecine-integrative-pediatrique-peut-etre-mise-scaled.jpg","datePublished":"2025-11-06T11:53:40+00:00","dateModified":"2025-11-06T11:53:48+00:00","breadcrumb":{"@id":"https:\/\/rvh-synergie.org\/actualites\/letude-explique-comment-la-medecine-integrative-pediatrique-peut-etre-mise-en-oeuvre-au-sein-dun-grand-systeme-de-sante\/#breadcrumb"},"inLanguage":"fr-FR","potentialAction":[{"@type":"ReadAction","target":["https:\/\/rvh-synergie.org\/actualites\/letude-explique-comment-la-medecine-integrative-pediatrique-peut-etre-mise-en-oeuvre-au-sein-dun-grand-systeme-de-sante\/"]}]},{"@type":"ImageObject","inLanguage":"fr-FR","@id":"https:\/\/rvh-synergie.org\/actualites\/letude-explique-comment-la-medecine-integrative-pediatrique-peut-etre-mise-en-oeuvre-au-sein-dun-grand-systeme-de-sante\/#primaryimage","url":"https:\/\/rvh-synergie.org\/actualites\/wp-content\/uploads\/2025\/11\/1762430020_Letude-explique-comment-la-medecine-integrative-pediatrique-peut-etre-mise-scaled.jpg","contentUrl":"https:\/\/rvh-synergie.org\/actualites\/wp-content\/uploads\/2025\/11\/1762430020_Letude-explique-comment-la-medecine-integrative-pediatrique-peut-etre-mise-scaled.jpg","width":2560,"height":1280,"caption":"L'\u00e9tude explique comment la m\u00e9decine int\u00e9grative p\u00e9diatrique peut \u00eatre mise en \u0153uvre au sein d'un grand syst\u00e8me de sant\u00e9"},{"@type":"BreadcrumbList","@id":"https:\/\/rvh-synergie.org\/actualites\/letude-explique-comment-la-medecine-integrative-pediatrique-peut-etre-mise-en-oeuvre-au-sein-dun-grand-systeme-de-sante\/#breadcrumb","itemListElement":[{"@type":"ListItem","position":1,"name":"Accueil","item":"https:\/\/rvh-synergie.org\/actualites\/"},{"@type":"ListItem","position":2,"name":"L&rsquo;\u00e9tude explique comment la m\u00e9decine int\u00e9grative p\u00e9diatrique peut \u00eatre mise en \u0153uvre au sein d&rsquo;un grand syst\u00e8me de sant\u00e9"}]},{"@type":"WebSite","@id":"https:\/\/rvh-synergie.org\/actualites\/#website","url":"https:\/\/rvh-synergie.org\/actualites\/","name":"RVH-Synergie.org","description":"RVH-Synergie, site ind\u00e9pendant d&#039;informations sur la prise en charge des addictions.","publisher":{"@id":"https:\/\/rvh-synergie.org\/actualites\/#organization"},"potentialAction":[{"@type":"SearchAction","target":{"@type":"EntryPoint","urlTemplate":"https:\/\/rvh-synergie.org\/actualites\/?s={search_term_string}"},"query-input":{"@type":"PropertyValueSpecification","valueRequired":true,"valueName":"search_term_string"}}],"inLanguage":"fr-FR"},{"@type":"Organization","@id":"https:\/\/rvh-synergie.org\/actualites\/#organization","name":"RVH-Synergie.org","url":"https:\/\/rvh-synergie.org\/actualites\/","logo":{"@type":"ImageObject","inLanguage":"fr-FR","@id":"https:\/\/rvh-synergie.org\/actualites\/#\/schema\/logo\/image\/","url":"https:\/\/rvh-synergie.org\/actualites\/wp-content\/uploads\/2024\/09\/favicon.png","contentUrl":"https:\/\/rvh-synergie.org\/actualites\/wp-content\/uploads\/2024\/09\/favicon.png","width":512,"height":512,"caption":"RVH-Synergie.org"},"image":{"@id":"https:\/\/rvh-synergie.org\/actualites\/#\/schema\/logo\/image\/"}},{"@type":"Person","@id":"https:\/\/rvh-synergie.org\/actualites\/#\/schema\/person\/aa5ea98671fb4e8620f488a0795d2560","name":"Charles Martinez","image":{"@type":"ImageObject","inLanguage":"fr-FR","@id":"https:\/\/rvh-synergie.org\/actualites\/#\/schema\/person\/image\/","url":"https:\/\/rvh-synergie.org\/actualites\/wp-content\/uploads\/2024\/09\/charles-martinez-scaled.jpg","contentUrl":"https:\/\/rvh-synergie.org\/actualites\/wp-content\/uploads\/2024\/09\/charles-martinez-scaled.jpg","caption":"Charles Martinez"},"description":"Bonjour, je m'appelle Charles Martinez, r\u00e9dacteur passionn\u00e9 pour le m\u00e9dia RVH-synergie.org, d\u00e9di\u00e9 aux addictions et aux maladies. Depuis plus de dix ans, j'explore et rapporte les histoires poignantes des individus confront\u00e9s \u00e0 ces d\u00e9fis, tout en sensibilisant le public aux traitements novateurs et aux progr\u00e8s scientifiques dans ce domaine. Mon engagement r\u00e9side dans l'espoir de cr\u00e9er une communaut\u00e9 inform\u00e9e et empathique, pr\u00eate \u00e0 soutenir ceux qui luttent contre ces \u00e9preuves.","sameAs":["https:\/\/rvh-synergie.org\/"]}]}},"_links":{"self":[{"href":"https:\/\/rvh-synergie.org\/actualites\/wp-json\/wp\/v2\/posts\/11422","targetHints":{"allow":["GET"]}}],"collection":[{"href":"https:\/\/rvh-synergie.org\/actualites\/wp-json\/wp\/v2\/posts"}],"about":[{"href":"https:\/\/rvh-synergie.org\/actualites\/wp-json\/wp\/v2\/types\/post"}],"author":[{"embeddable":true,"href":"https:\/\/rvh-synergie.org\/actualites\/wp-json\/wp\/v2\/users\/1"}],"replies":[{"embeddable":true,"href":"https:\/\/rvh-synergie.org\/actualites\/wp-json\/wp\/v2\/comments?post=11422"}],"version-history":[{"count":0,"href":"https:\/\/rvh-synergie.org\/actualites\/wp-json\/wp\/v2\/posts\/11422\/revisions"}],"wp:featuredmedia":[{"embeddable":true,"href":"https:\/\/rvh-synergie.org\/actualites\/wp-json\/wp\/v2\/media\/11423"}],"wp:attachment":[{"href":"https:\/\/rvh-synergie.org\/actualites\/wp-json\/wp\/v2\/media?parent=11422"}],"wp:term":[{"taxonomy":"category","embeddable":true,"href":"https:\/\/rvh-synergie.org\/actualites\/wp-json\/wp\/v2\/categories?post=11422"},{"taxonomy":"post_tag","embeddable":true,"href":"https:\/\/rvh-synergie.org\/actualites\/wp-json\/wp\/v2\/tags?post=11422"}],"curies":[{"name":"wp","href":"https:\/\/api.w.org\/{rel}","templated":true}]}}