{"id":11408,"date":"2025-11-06T03:26:22","date_gmt":"2025-11-06T02:26:22","guid":{"rendered":"https:\/\/rvh-synergie.org\/actualites\/le-tour-de-taille-des-femmes-pourrait-etre-un-indice-de-leur-risque-de-declin-cognitif-a-mesure-quelles-vieillissent\/"},"modified":"2025-11-06T03:26:28","modified_gmt":"2025-11-06T02:26:28","slug":"le-tour-de-taille-des-femmes-pourrait-etre-un-indice-de-leur-risque-de-declin-cognitif-a-mesure-quelles-vieillissent","status":"publish","type":"post","link":"https:\/\/rvh-synergie.org\/actualites\/le-tour-de-taille-des-femmes-pourrait-etre-un-indice-de-leur-risque-de-declin-cognitif-a-mesure-quelles-vieillissent\/","title":{"rendered":"Le tour de taille des femmes pourrait \u00eatre un indice de leur risque de d\u00e9clin cognitif \u00e0 mesure qu&rsquo;elles vieillissent"},"content":{"rendered":"<div>\n<div class=\"article-gallery lightGallery\">\n<div data-thumb=\"https:\/\/scx1.b-cdn.net\/csz\/news\/tmb\/2025\/menopause-1.jpg\" data-src=\"https:\/\/scx2.b-cdn.net\/gfx\/news\/hires\/2025\/menopause-1.jpg\" data-sub-html=\"Credit: RDNE Stock project from Pexels\">\n<figure class=\"article-img\">\n<\/figure><\/div>\n<\/div>\n<p>La prise de poids, en particulier au niveau de la taille, est courante pendant la p\u00e9riode de p\u00e9rim\u00e9nopause et de postm\u00e9nopause. Un tel gain, ainsi que la baisse des taux d\u2019\u0153strog\u00e8nes fr\u00e9quente apr\u00e8s la m\u00e9nopause, sont li\u00e9s \u00e0 une diminution de la sensibilit\u00e9 \u00e0 l\u2019insuline et \u00e0 une augmentation des processus inflammatoires.<\/p>\n<p>Une nouvelle \u00e9tude sugg\u00e8re que l\u2019adiposit\u00e9 centrale est \u00e9galement un facteur de risque de d\u00e9clin cognitif. Les r\u00e9sultats de l&rsquo;\u00e9tude sont publi\u00e9s dans <i>M\u00e9nopause<\/i>.<\/p>\n<p>Compar\u00e9 \u00e0 la graisse corporelle globale, le tissu adipeux visc\u00e9ral (le tissu adipeux intra-abdominal stock\u00e9 autour de plusieurs organes, dont l&rsquo;estomac, les intestins et le foie) a \u00e9t\u00e9 associ\u00e9 \u00e0 des risques majeurs pour la sant\u00e9, notamment le syndrome m\u00e9tabolique, le diab\u00e8te, l&rsquo;hypertension, les taux de lipides \u00e9lev\u00e9s, les maladies cardiovasculaires, la maladie d&rsquo;Alzheimer et les d\u00e9mences associ\u00e9es.<\/p>\n<p>L&rsquo;augmentation des marqueurs inflammatoires en raison de l&rsquo;adiposit\u00e9 visc\u00e9rale et la diminution des \u0153strog\u00e8nes avec la m\u00e9nopause semblent \u00eatre un facteur majeur dans ces processus pathologiques, ce qui am\u00e8ne les chercheurs \u00e0 croire que les mesures de l&rsquo;adiposit\u00e9 centrale, telles que le rapport taille\/hanche, peuvent servir de marqueurs pr\u00e9coces et facilement reconnaissables de risque de dysfonctionnement m\u00e9tabolique et cognitif, car les r\u00e9cepteurs d&rsquo;\u0153strog\u00e8nes dans le cerveau sont concentr\u00e9s dans les r\u00e9gions servant la fonction ex\u00e9cutive et la m\u00e9moire.<\/p>\n<p>Des essais cliniques ant\u00e9rieurs qui tentaient de lier l&rsquo;hormonoth\u00e9rapie \u00e0 la cognition ont donn\u00e9 des r\u00e9sultats mitig\u00e9s, selon l&rsquo;\u00e2ge des participants. Cela a conduit les chercheurs de cette derni\u00e8re \u00e9tude \u00e0 \u00e9tudier plus en d\u00e9tail la relation entre l&rsquo;adiposit\u00e9 centrale, la fonction cognitive et l&rsquo;exposition \u00e0 l&rsquo;hormonoth\u00e9rapie chez les femmes m\u00e9nopaus\u00e9es pr\u00e9cocement. Leur recherche a port\u00e9 sur plus de 700 femmes \u00e2g\u00e9es de 42 \u00e0 58 ans qui \u00e9taient moins de 36 mois apr\u00e8s la m\u00e9nopause naturelle.<\/p>\n<p>Ces participants ont ensuite \u00e9t\u00e9 divis\u00e9s en trois cat\u00e9gories\u00a0: ceux qui ont re\u00e7u des \u0153strog\u00e8nes \u00e9quins conjugu\u00e9s par voie orale, ceux qui ont re\u00e7u de l&rsquo;estradiol transdermique et ceux qui ont re\u00e7u un placebo. L&rsquo;adiposit\u00e9 centrale a \u00e9t\u00e9 estim\u00e9e par une mesure du rapport taille\/hanche.<\/p>\n<p>Les chercheurs ont conclu que les femmes ayant un rapport taille\/hanche de base plus \u00e9lev\u00e9 avaient de moins bonnes performances sur tous les r\u00e9sultats cognitifs sp\u00e9cifiques au domaine au d\u00e9part, avec seulement des changements dans l&rsquo;attention visuelle et la fonction ex\u00e9cutive au cours des quatre ann\u00e9es d&rsquo;\u00e9tude. Cependant, l\u2019adiposit\u00e9 centrale ne mod\u00e8re pas l\u2019hormonoth\u00e9rapie par rapport aux r\u00e9sultats sp\u00e9cifiques au domaine cognitif du placebo.<\/p>\n<p>Sur la base de ces r\u00e9sultats, les chercheurs sugg\u00e8rent que les effets sur la sant\u00e9 cognitive devraient \u00eatre \u00e9tudi\u00e9s chez les femmes m\u00e9nopaus\u00e9es pr\u00e9cocement, m\u00eame chez les femmes pr\u00e9sentant un faible risque cardiovasculaire.<\/p>\n<p>Les changements m\u00e9taboliques et cognitifs qui surviennent fr\u00e9quemment pendant et apr\u00e8s la transition vers la m\u00e9nopause prennent souvent les femmes au d\u00e9pourvu et sont plus difficiles \u00e0 traiter une fois le diagnostic pos\u00e9.<\/p>\n<p>                                        <!-- print only --><\/p><\/div>\n","protected":false},"excerpt":{"rendered":"<p>La prise de poids, en particulier au niveau de la taille, est courante pendant la<\/p>\n","protected":false},"author":1,"featured_media":11409,"comment_status":"closed","ping_status":"","sticky":false,"template":"","format":"standard","meta":{"footnotes":""},"categories":[86],"tags":[1892,2457,16,204,297,6198,353,2605,203,2615,40,1280,7555,7007],"class_list":["post-11408","post","type-post","status-publish","format-standard","has-post-thumbnail","hentry","category-les-maladies","tag-cognitif","tag-declin","tag-des","tag-etre","tag-femmes","tag-indice","tag-leur","tag-mesure","tag-pourrait","tag-quelles","tag-risque","tag-taille","tag-tour","tag-vieillissent","generate-columns","tablet-grid-50","mobile-grid-100","grid-parent","grid-50","resize-featured-image"],"yoast_head":"<!-- This site is optimized with the Yoast SEO plugin v23.4 - https:\/\/yoast.com\/wordpress\/plugins\/seo\/ -->\n<title>Le tour de taille des femmes pourrait \u00eatre un indice de leur risque de d\u00e9clin cognitif \u00e0 mesure qu&#039;elles vieillissent - RVH-Synergie.org<\/title>\n<meta name=\"robots\" content=\"index, follow, max-snippet:-1, max-image-preview:large, max-video-preview:-1\" \/>\n<link rel=\"canonical\" href=\"https:\/\/rvh-synergie.org\/actualites\/le-tour-de-taille-des-femmes-pourrait-etre-un-indice-de-leur-risque-de-declin-cognitif-a-mesure-quelles-vieillissent\/\" \/>\n<meta property=\"og:locale\" content=\"fr_FR\" \/>\n<meta property=\"og:type\" content=\"article\" \/>\n<meta property=\"og:title\" content=\"Le tour de taille des femmes pourrait \u00eatre un indice de leur risque de d\u00e9clin cognitif \u00e0 mesure qu&#039;elles vieillissent - RVH-Synergie.org\" \/>\n<meta property=\"og:description\" content=\"La prise de poids, en particulier au niveau de la taille, est courante pendant la\" \/>\n<meta property=\"og:url\" content=\"https:\/\/rvh-synergie.org\/actualites\/le-tour-de-taille-des-femmes-pourrait-etre-un-indice-de-leur-risque-de-declin-cognitif-a-mesure-quelles-vieillissent\/\" \/>\n<meta property=\"og:site_name\" content=\"RVH-Synergie\" \/>\n<meta property=\"article:published_time\" content=\"2025-11-06T02:26:22+00:00\" \/>\n<meta property=\"article:modified_time\" content=\"2025-11-06T02:26:28+00:00\" \/>\n<meta property=\"og:image\" content=\"https:\/\/rvh-synergie.org\/actualites\/wp-content\/uploads\/2025\/11\/1762395983_Le-tour-de-taille-des-femmes-pourrait-etre-un-indice-scaled.jpg\" \/>\n\t<meta property=\"og:image:width\" content=\"2560\" \/>\n\t<meta property=\"og:image:height\" content=\"1707\" \/>\n\t<meta property=\"og:image:type\" content=\"image\/jpeg\" \/>\n<meta name=\"author\" content=\"Charles Martinez\" \/>\n<meta name=\"twitter:card\" content=\"summary_large_image\" \/>\n<meta name=\"twitter:label1\" content=\"\u00c9crit par\" \/>\n\t<meta name=\"twitter:data1\" content=\"Charles Martinez\" \/>\n\t<meta name=\"twitter:label2\" content=\"Dur\u00e9e de lecture estim\u00e9e\" \/>\n\t<meta name=\"twitter:data2\" content=\"3 minutes\" \/>\n<script type=\"application\/ld+json\" class=\"yoast-schema-graph\">{\"@context\":\"https:\/\/schema.org\",\"@graph\":[{\"@type\":\"Article\",\"@id\":\"https:\/\/rvh-synergie.org\/actualites\/le-tour-de-taille-des-femmes-pourrait-etre-un-indice-de-leur-risque-de-declin-cognitif-a-mesure-quelles-vieillissent\/#article\",\"isPartOf\":{\"@id\":\"https:\/\/rvh-synergie.org\/actualites\/le-tour-de-taille-des-femmes-pourrait-etre-un-indice-de-leur-risque-de-declin-cognitif-a-mesure-quelles-vieillissent\/\"},\"author\":{\"name\":\"Charles Martinez\",\"@id\":\"https:\/\/rvh-synergie.org\/actualites\/#\/schema\/person\/aa5ea98671fb4e8620f488a0795d2560\"},\"headline\":\"Le tour de taille des femmes pourrait \u00eatre un indice de leur risque de d\u00e9clin cognitif \u00e0 mesure qu&rsquo;elles vieillissent\",\"datePublished\":\"2025-11-06T02:26:22+00:00\",\"dateModified\":\"2025-11-06T02:26:28+00:00\",\"mainEntityOfPage\":{\"@id\":\"https:\/\/rvh-synergie.org\/actualites\/le-tour-de-taille-des-femmes-pourrait-etre-un-indice-de-leur-risque-de-declin-cognitif-a-mesure-quelles-vieillissent\/\"},\"wordCount\":570,\"publisher\":{\"@id\":\"https:\/\/rvh-synergie.org\/actualites\/#organization\"},\"image\":{\"@id\":\"https:\/\/rvh-synergie.org\/actualites\/le-tour-de-taille-des-femmes-pourrait-etre-un-indice-de-leur-risque-de-declin-cognitif-a-mesure-quelles-vieillissent\/#primaryimage\"},\"thumbnailUrl\":\"https:\/\/rvh-synergie.org\/actualites\/wp-content\/uploads\/2025\/11\/1762395983_Le-tour-de-taille-des-femmes-pourrait-etre-un-indice-scaled.jpg\",\"keywords\":[\"cognitif\",\"d\u00e9clin\",\"des\",\"\u00eatre\",\"femmes\",\"indice\",\"leur\",\"mesure\",\"pourrait\",\"Quelles\",\"risque\",\"taille\",\"tour\",\"vieillissent\"],\"articleSection\":[\"Les maladies\"],\"inLanguage\":\"fr-FR\"},{\"@type\":\"WebPage\",\"@id\":\"https:\/\/rvh-synergie.org\/actualites\/le-tour-de-taille-des-femmes-pourrait-etre-un-indice-de-leur-risque-de-declin-cognitif-a-mesure-quelles-vieillissent\/\",\"url\":\"https:\/\/rvh-synergie.org\/actualites\/le-tour-de-taille-des-femmes-pourrait-etre-un-indice-de-leur-risque-de-declin-cognitif-a-mesure-quelles-vieillissent\/\",\"name\":\"Le tour de taille des femmes pourrait \u00eatre un indice de leur risque de d\u00e9clin cognitif \u00e0 mesure qu'elles vieillissent - RVH-Synergie.org\",\"isPartOf\":{\"@id\":\"https:\/\/rvh-synergie.org\/actualites\/#website\"},\"primaryImageOfPage\":{\"@id\":\"https:\/\/rvh-synergie.org\/actualites\/le-tour-de-taille-des-femmes-pourrait-etre-un-indice-de-leur-risque-de-declin-cognitif-a-mesure-quelles-vieillissent\/#primaryimage\"},\"image\":{\"@id\":\"https:\/\/rvh-synergie.org\/actualites\/le-tour-de-taille-des-femmes-pourrait-etre-un-indice-de-leur-risque-de-declin-cognitif-a-mesure-quelles-vieillissent\/#primaryimage\"},\"thumbnailUrl\":\"https:\/\/rvh-synergie.org\/actualites\/wp-content\/uploads\/2025\/11\/1762395983_Le-tour-de-taille-des-femmes-pourrait-etre-un-indice-scaled.jpg\",\"datePublished\":\"2025-11-06T02:26:22+00:00\",\"dateModified\":\"2025-11-06T02:26:28+00:00\",\"breadcrumb\":{\"@id\":\"https:\/\/rvh-synergie.org\/actualites\/le-tour-de-taille-des-femmes-pourrait-etre-un-indice-de-leur-risque-de-declin-cognitif-a-mesure-quelles-vieillissent\/#breadcrumb\"},\"inLanguage\":\"fr-FR\",\"potentialAction\":[{\"@type\":\"ReadAction\",\"target\":[\"https:\/\/rvh-synergie.org\/actualites\/le-tour-de-taille-des-femmes-pourrait-etre-un-indice-de-leur-risque-de-declin-cognitif-a-mesure-quelles-vieillissent\/\"]}]},{\"@type\":\"ImageObject\",\"inLanguage\":\"fr-FR\",\"@id\":\"https:\/\/rvh-synergie.org\/actualites\/le-tour-de-taille-des-femmes-pourrait-etre-un-indice-de-leur-risque-de-declin-cognitif-a-mesure-quelles-vieillissent\/#primaryimage\",\"url\":\"https:\/\/rvh-synergie.org\/actualites\/wp-content\/uploads\/2025\/11\/1762395983_Le-tour-de-taille-des-femmes-pourrait-etre-un-indice-scaled.jpg\",\"contentUrl\":\"https:\/\/rvh-synergie.org\/actualites\/wp-content\/uploads\/2025\/11\/1762395983_Le-tour-de-taille-des-femmes-pourrait-etre-un-indice-scaled.jpg\",\"width\":2560,\"height\":1707,\"caption\":\"Le tour de taille des femmes pourrait \u00eatre un indice de leur risque de d\u00e9clin cognitif \u00e0 mesure qu'elles vieillissent\"},{\"@type\":\"BreadcrumbList\",\"@id\":\"https:\/\/rvh-synergie.org\/actualites\/le-tour-de-taille-des-femmes-pourrait-etre-un-indice-de-leur-risque-de-declin-cognitif-a-mesure-quelles-vieillissent\/#breadcrumb\",\"itemListElement\":[{\"@type\":\"ListItem\",\"position\":1,\"name\":\"Accueil\",\"item\":\"https:\/\/rvh-synergie.org\/actualites\/\"},{\"@type\":\"ListItem\",\"position\":2,\"name\":\"Le tour de taille des femmes pourrait \u00eatre un indice de leur risque de d\u00e9clin cognitif \u00e0 mesure qu&rsquo;elles vieillissent\"}]},{\"@type\":\"WebSite\",\"@id\":\"https:\/\/rvh-synergie.org\/actualites\/#website\",\"url\":\"https:\/\/rvh-synergie.org\/actualites\/\",\"name\":\"RVH-Synergie.org\",\"description\":\"RVH-Synergie, site ind\u00e9pendant d&#039;informations sur la prise en charge des addictions.\",\"publisher\":{\"@id\":\"https:\/\/rvh-synergie.org\/actualites\/#organization\"},\"potentialAction\":[{\"@type\":\"SearchAction\",\"target\":{\"@type\":\"EntryPoint\",\"urlTemplate\":\"https:\/\/rvh-synergie.org\/actualites\/?s={search_term_string}\"},\"query-input\":{\"@type\":\"PropertyValueSpecification\",\"valueRequired\":true,\"valueName\":\"search_term_string\"}}],\"inLanguage\":\"fr-FR\"},{\"@type\":\"Organization\",\"@id\":\"https:\/\/rvh-synergie.org\/actualites\/#organization\",\"name\":\"RVH-Synergie.org\",\"url\":\"https:\/\/rvh-synergie.org\/actualites\/\",\"logo\":{\"@type\":\"ImageObject\",\"inLanguage\":\"fr-FR\",\"@id\":\"https:\/\/rvh-synergie.org\/actualites\/#\/schema\/logo\/image\/\",\"url\":\"https:\/\/rvh-synergie.org\/actualites\/wp-content\/uploads\/2024\/09\/favicon.png\",\"contentUrl\":\"https:\/\/rvh-synergie.org\/actualites\/wp-content\/uploads\/2024\/09\/favicon.png\",\"width\":512,\"height\":512,\"caption\":\"RVH-Synergie.org\"},\"image\":{\"@id\":\"https:\/\/rvh-synergie.org\/actualites\/#\/schema\/logo\/image\/\"}},{\"@type\":\"Person\",\"@id\":\"https:\/\/rvh-synergie.org\/actualites\/#\/schema\/person\/aa5ea98671fb4e8620f488a0795d2560\",\"name\":\"Charles Martinez\",\"image\":{\"@type\":\"ImageObject\",\"inLanguage\":\"fr-FR\",\"@id\":\"https:\/\/rvh-synergie.org\/actualites\/#\/schema\/person\/image\/\",\"url\":\"https:\/\/rvh-synergie.org\/actualites\/wp-content\/uploads\/2024\/09\/charles-martinez-scaled.jpg\",\"contentUrl\":\"https:\/\/rvh-synergie.org\/actualites\/wp-content\/uploads\/2024\/09\/charles-martinez-scaled.jpg\",\"caption\":\"Charles Martinez\"},\"description\":\"Bonjour, je m'appelle Charles Martinez, r\u00e9dacteur passionn\u00e9 pour le m\u00e9dia RVH-synergie.org, d\u00e9di\u00e9 aux addictions et aux maladies. Depuis plus de dix ans, j'explore et rapporte les histoires poignantes des individus confront\u00e9s \u00e0 ces d\u00e9fis, tout en sensibilisant le public aux traitements novateurs et aux progr\u00e8s scientifiques dans ce domaine. Mon engagement r\u00e9side dans l'espoir de cr\u00e9er une communaut\u00e9 inform\u00e9e et empathique, pr\u00eate \u00e0 soutenir ceux qui luttent contre ces \u00e9preuves.\",\"sameAs\":[\"https:\/\/rvh-synergie.org\/\"]}]}<\/script>\n<!-- \/ Yoast SEO plugin. -->","yoast_head_json":{"title":"Le tour de taille des femmes pourrait \u00eatre un indice de leur risque de d\u00e9clin cognitif \u00e0 mesure qu'elles vieillissent - RVH-Synergie.org","robots":{"index":"index","follow":"follow","max-snippet":"max-snippet:-1","max-image-preview":"max-image-preview:large","max-video-preview":"max-video-preview:-1"},"canonical":"https:\/\/rvh-synergie.org\/actualites\/le-tour-de-taille-des-femmes-pourrait-etre-un-indice-de-leur-risque-de-declin-cognitif-a-mesure-quelles-vieillissent\/","og_locale":"fr_FR","og_type":"article","og_title":"Le tour de taille des femmes pourrait \u00eatre un indice de leur risque de d\u00e9clin cognitif \u00e0 mesure qu'elles vieillissent - RVH-Synergie.org","og_description":"La prise de poids, en particulier au niveau de la taille, est courante pendant la","og_url":"https:\/\/rvh-synergie.org\/actualites\/le-tour-de-taille-des-femmes-pourrait-etre-un-indice-de-leur-risque-de-declin-cognitif-a-mesure-quelles-vieillissent\/","og_site_name":"RVH-Synergie","article_published_time":"2025-11-06T02:26:22+00:00","article_modified_time":"2025-11-06T02:26:28+00:00","og_image":[{"width":2560,"height":1707,"url":"https:\/\/rvh-synergie.org\/actualites\/wp-content\/uploads\/2025\/11\/1762395983_Le-tour-de-taille-des-femmes-pourrait-etre-un-indice-scaled.jpg","type":"image\/jpeg"}],"author":"Charles Martinez","twitter_card":"summary_large_image","twitter_misc":{"\u00c9crit par":"Charles Martinez","Dur\u00e9e de lecture estim\u00e9e":"3 minutes"},"schema":{"@context":"https:\/\/schema.org","@graph":[{"@type":"Article","@id":"https:\/\/rvh-synergie.org\/actualites\/le-tour-de-taille-des-femmes-pourrait-etre-un-indice-de-leur-risque-de-declin-cognitif-a-mesure-quelles-vieillissent\/#article","isPartOf":{"@id":"https:\/\/rvh-synergie.org\/actualites\/le-tour-de-taille-des-femmes-pourrait-etre-un-indice-de-leur-risque-de-declin-cognitif-a-mesure-quelles-vieillissent\/"},"author":{"name":"Charles Martinez","@id":"https:\/\/rvh-synergie.org\/actualites\/#\/schema\/person\/aa5ea98671fb4e8620f488a0795d2560"},"headline":"Le tour de taille des femmes pourrait \u00eatre un indice de leur risque de d\u00e9clin cognitif \u00e0 mesure qu&rsquo;elles vieillissent","datePublished":"2025-11-06T02:26:22+00:00","dateModified":"2025-11-06T02:26:28+00:00","mainEntityOfPage":{"@id":"https:\/\/rvh-synergie.org\/actualites\/le-tour-de-taille-des-femmes-pourrait-etre-un-indice-de-leur-risque-de-declin-cognitif-a-mesure-quelles-vieillissent\/"},"wordCount":570,"publisher":{"@id":"https:\/\/rvh-synergie.org\/actualites\/#organization"},"image":{"@id":"https:\/\/rvh-synergie.org\/actualites\/le-tour-de-taille-des-femmes-pourrait-etre-un-indice-de-leur-risque-de-declin-cognitif-a-mesure-quelles-vieillissent\/#primaryimage"},"thumbnailUrl":"https:\/\/rvh-synergie.org\/actualites\/wp-content\/uploads\/2025\/11\/1762395983_Le-tour-de-taille-des-femmes-pourrait-etre-un-indice-scaled.jpg","keywords":["cognitif","d\u00e9clin","des","\u00eatre","femmes","indice","leur","mesure","pourrait","Quelles","risque","taille","tour","vieillissent"],"articleSection":["Les maladies"],"inLanguage":"fr-FR"},{"@type":"WebPage","@id":"https:\/\/rvh-synergie.org\/actualites\/le-tour-de-taille-des-femmes-pourrait-etre-un-indice-de-leur-risque-de-declin-cognitif-a-mesure-quelles-vieillissent\/","url":"https:\/\/rvh-synergie.org\/actualites\/le-tour-de-taille-des-femmes-pourrait-etre-un-indice-de-leur-risque-de-declin-cognitif-a-mesure-quelles-vieillissent\/","name":"Le tour de taille des femmes pourrait \u00eatre un indice de leur risque de d\u00e9clin cognitif \u00e0 mesure qu'elles vieillissent - RVH-Synergie.org","isPartOf":{"@id":"https:\/\/rvh-synergie.org\/actualites\/#website"},"primaryImageOfPage":{"@id":"https:\/\/rvh-synergie.org\/actualites\/le-tour-de-taille-des-femmes-pourrait-etre-un-indice-de-leur-risque-de-declin-cognitif-a-mesure-quelles-vieillissent\/#primaryimage"},"image":{"@id":"https:\/\/rvh-synergie.org\/actualites\/le-tour-de-taille-des-femmes-pourrait-etre-un-indice-de-leur-risque-de-declin-cognitif-a-mesure-quelles-vieillissent\/#primaryimage"},"thumbnailUrl":"https:\/\/rvh-synergie.org\/actualites\/wp-content\/uploads\/2025\/11\/1762395983_Le-tour-de-taille-des-femmes-pourrait-etre-un-indice-scaled.jpg","datePublished":"2025-11-06T02:26:22+00:00","dateModified":"2025-11-06T02:26:28+00:00","breadcrumb":{"@id":"https:\/\/rvh-synergie.org\/actualites\/le-tour-de-taille-des-femmes-pourrait-etre-un-indice-de-leur-risque-de-declin-cognitif-a-mesure-quelles-vieillissent\/#breadcrumb"},"inLanguage":"fr-FR","potentialAction":[{"@type":"ReadAction","target":["https:\/\/rvh-synergie.org\/actualites\/le-tour-de-taille-des-femmes-pourrait-etre-un-indice-de-leur-risque-de-declin-cognitif-a-mesure-quelles-vieillissent\/"]}]},{"@type":"ImageObject","inLanguage":"fr-FR","@id":"https:\/\/rvh-synergie.org\/actualites\/le-tour-de-taille-des-femmes-pourrait-etre-un-indice-de-leur-risque-de-declin-cognitif-a-mesure-quelles-vieillissent\/#primaryimage","url":"https:\/\/rvh-synergie.org\/actualites\/wp-content\/uploads\/2025\/11\/1762395983_Le-tour-de-taille-des-femmes-pourrait-etre-un-indice-scaled.jpg","contentUrl":"https:\/\/rvh-synergie.org\/actualites\/wp-content\/uploads\/2025\/11\/1762395983_Le-tour-de-taille-des-femmes-pourrait-etre-un-indice-scaled.jpg","width":2560,"height":1707,"caption":"Le tour de taille des femmes pourrait \u00eatre un indice de leur risque de d\u00e9clin cognitif \u00e0 mesure qu'elles vieillissent"},{"@type":"BreadcrumbList","@id":"https:\/\/rvh-synergie.org\/actualites\/le-tour-de-taille-des-femmes-pourrait-etre-un-indice-de-leur-risque-de-declin-cognitif-a-mesure-quelles-vieillissent\/#breadcrumb","itemListElement":[{"@type":"ListItem","position":1,"name":"Accueil","item":"https:\/\/rvh-synergie.org\/actualites\/"},{"@type":"ListItem","position":2,"name":"Le tour de taille des femmes pourrait \u00eatre un indice de leur risque de d\u00e9clin cognitif \u00e0 mesure qu&rsquo;elles vieillissent"}]},{"@type":"WebSite","@id":"https:\/\/rvh-synergie.org\/actualites\/#website","url":"https:\/\/rvh-synergie.org\/actualites\/","name":"RVH-Synergie.org","description":"RVH-Synergie, site ind\u00e9pendant d&#039;informations sur la prise en charge des addictions.","publisher":{"@id":"https:\/\/rvh-synergie.org\/actualites\/#organization"},"potentialAction":[{"@type":"SearchAction","target":{"@type":"EntryPoint","urlTemplate":"https:\/\/rvh-synergie.org\/actualites\/?s={search_term_string}"},"query-input":{"@type":"PropertyValueSpecification","valueRequired":true,"valueName":"search_term_string"}}],"inLanguage":"fr-FR"},{"@type":"Organization","@id":"https:\/\/rvh-synergie.org\/actualites\/#organization","name":"RVH-Synergie.org","url":"https:\/\/rvh-synergie.org\/actualites\/","logo":{"@type":"ImageObject","inLanguage":"fr-FR","@id":"https:\/\/rvh-synergie.org\/actualites\/#\/schema\/logo\/image\/","url":"https:\/\/rvh-synergie.org\/actualites\/wp-content\/uploads\/2024\/09\/favicon.png","contentUrl":"https:\/\/rvh-synergie.org\/actualites\/wp-content\/uploads\/2024\/09\/favicon.png","width":512,"height":512,"caption":"RVH-Synergie.org"},"image":{"@id":"https:\/\/rvh-synergie.org\/actualites\/#\/schema\/logo\/image\/"}},{"@type":"Person","@id":"https:\/\/rvh-synergie.org\/actualites\/#\/schema\/person\/aa5ea98671fb4e8620f488a0795d2560","name":"Charles Martinez","image":{"@type":"ImageObject","inLanguage":"fr-FR","@id":"https:\/\/rvh-synergie.org\/actualites\/#\/schema\/person\/image\/","url":"https:\/\/rvh-synergie.org\/actualites\/wp-content\/uploads\/2024\/09\/charles-martinez-scaled.jpg","contentUrl":"https:\/\/rvh-synergie.org\/actualites\/wp-content\/uploads\/2024\/09\/charles-martinez-scaled.jpg","caption":"Charles Martinez"},"description":"Bonjour, je m'appelle Charles Martinez, r\u00e9dacteur passionn\u00e9 pour le m\u00e9dia RVH-synergie.org, d\u00e9di\u00e9 aux addictions et aux maladies. Depuis plus de dix ans, j'explore et rapporte les histoires poignantes des individus confront\u00e9s \u00e0 ces d\u00e9fis, tout en sensibilisant le public aux traitements novateurs et aux progr\u00e8s scientifiques dans ce domaine. Mon engagement r\u00e9side dans l'espoir de cr\u00e9er une communaut\u00e9 inform\u00e9e et empathique, pr\u00eate \u00e0 soutenir ceux qui luttent contre ces \u00e9preuves.","sameAs":["https:\/\/rvh-synergie.org\/"]}]}},"_links":{"self":[{"href":"https:\/\/rvh-synergie.org\/actualites\/wp-json\/wp\/v2\/posts\/11408","targetHints":{"allow":["GET"]}}],"collection":[{"href":"https:\/\/rvh-synergie.org\/actualites\/wp-json\/wp\/v2\/posts"}],"about":[{"href":"https:\/\/rvh-synergie.org\/actualites\/wp-json\/wp\/v2\/types\/post"}],"author":[{"embeddable":true,"href":"https:\/\/rvh-synergie.org\/actualites\/wp-json\/wp\/v2\/users\/1"}],"replies":[{"embeddable":true,"href":"https:\/\/rvh-synergie.org\/actualites\/wp-json\/wp\/v2\/comments?post=11408"}],"version-history":[{"count":0,"href":"https:\/\/rvh-synergie.org\/actualites\/wp-json\/wp\/v2\/posts\/11408\/revisions"}],"wp:featuredmedia":[{"embeddable":true,"href":"https:\/\/rvh-synergie.org\/actualites\/wp-json\/wp\/v2\/media\/11409"}],"wp:attachment":[{"href":"https:\/\/rvh-synergie.org\/actualites\/wp-json\/wp\/v2\/media?parent=11408"}],"wp:term":[{"taxonomy":"category","embeddable":true,"href":"https:\/\/rvh-synergie.org\/actualites\/wp-json\/wp\/v2\/categories?post=11408"},{"taxonomy":"post_tag","embeddable":true,"href":"https:\/\/rvh-synergie.org\/actualites\/wp-json\/wp\/v2\/tags?post=11408"}],"curies":[{"name":"wp","href":"https:\/\/api.w.org\/{rel}","templated":true}]}}