{"id":11403,"date":"2025-11-06T00:44:56","date_gmt":"2025-11-05T23:44:56","guid":{"rendered":"https:\/\/rvh-synergie.org\/actualites\/les-experts-mettent-en-garde-contre-limpact-plus-large-des-cyclones-tropicaux-sur-la-sante-dans-un-contexte-de-rechauffement-climatique\/"},"modified":"2025-11-06T00:44:59","modified_gmt":"2025-11-05T23:44:59","slug":"les-experts-mettent-en-garde-contre-limpact-plus-large-des-cyclones-tropicaux-sur-la-sante-dans-un-contexte-de-rechauffement-climatique","status":"publish","type":"post","link":"https:\/\/rvh-synergie.org\/actualites\/les-experts-mettent-en-garde-contre-limpact-plus-large-des-cyclones-tropicaux-sur-la-sante-dans-un-contexte-de-rechauffement-climatique\/","title":{"rendered":"Les experts mettent en garde contre l\u2019impact plus large des cyclones tropicaux sur la sant\u00e9 dans un contexte de r\u00e9chauffement climatique"},"content":{"rendered":"<div>\n<div class=\"article-gallery lightGallery\">\n<div data-thumb=\"https:\/\/scx1.b-cdn.net\/csz\/news\/tmb\/2021\/tropical-cyclone.jpg\" data-src=\"https:\/\/scx2.b-cdn.net\/gfx\/news\/hires\/2021\/tropical-cyclone.jpg\" data-sub-html=\"Credit: Pixabay\/CC0 Public Domain\">\n<figure class=\"article-img\">\n<\/figure><\/div>\n<\/div>\n<p>Au-del\u00e0 des blessures directes, l&rsquo;exposition aux cyclones tropicaux est associ\u00e9e \u00e0 des risques de d\u00e9c\u00e8s plus \u00e9lev\u00e9s pour diverses causes, notamment les maladies r\u00e9nales, cardiaques et pulmonaires, les troubles neuropsychiatriques et le diab\u00e8te, selon une \u00e9tude publi\u00e9e dans <i>Le BMJ<\/i>la question climatique.<\/p>\n<p>Les risques \u00e9taient consid\u00e9rablement plus \u00e9lev\u00e9s dans les communaut\u00e9s d\u00e9favoris\u00e9es et les zones qui avaient auparavant connu moins de cyclones tropicaux, ce qui sugg\u00e8re un besoin urgent d&rsquo;int\u00e9grer davantage de preuves sur l&rsquo;activit\u00e9 des cyclones tropicaux dans les plans d&rsquo;intervention en cas de catastrophe, affirment les auteurs.<\/p>\n<p>Les cyclones tropicaux sont l\u2019un des ph\u00e9nom\u00e8nes m\u00e9t\u00e9orologiques extr\u00eames les plus d\u00e9vastateurs et les plus co\u00fbteux, affectant en moyenne 20,4 millions de personnes par an et entra\u00eenant des pertes \u00e9conomiques directes de 51,5 milliards de dollars au cours de la derni\u00e8re d\u00e9cennie.<\/p>\n<p>Bien que les blessures physiques directes soient bien enregistr\u00e9es, les preuves de l\u2019impact plus large des cyclones tropicaux sur la sant\u00e9 font d\u00e9faut, en particulier dans les r\u00e9gions o\u00f9 l\u2019exp\u00e9rience et la r\u00e9silience aux cyclones tropicaux sont historiquement limit\u00e9es.<\/p>\n<p>Pour r\u00e9soudre ce probl\u00e8me, les chercheurs ont collect\u00e9 les actes de d\u00e9c\u00e8s de 1\u00a0356 communaut\u00e9s dans neuf pays et territoires peu \u00e9tudi\u00e9s (Australie, Br\u00e9sil, Canada, Cor\u00e9e du Sud, Mexique, Nouvelle-Z\u00e9lande, Philippines, Ta\u00efwan et Tha\u00eflande) de 2000 \u00e0 2019.<\/p>\n<p>Ils ont utilis\u00e9 des mod\u00e8les pour estimer les r\u00e9gimes de vent et de pr\u00e9cipitations pour chaque cyclone tropical et \u00e9valuer les relations entre l&rsquo;exposition aux cyclones tropicaux et le risque de d\u00e9c\u00e8s d\u00fb \u00e0 diverses causes principales, en tenant compte des variations naturelles.<\/p>\n<p>Au total, 14,9 millions de d\u00e9c\u00e8s et 217 cyclones tropicaux parmi les communaut\u00e9s expos\u00e9es dans les neuf pays et territoires ont \u00e9t\u00e9 inclus dans l&rsquo;analyse.<\/p>\n<p>Les risques de d\u00e9c\u00e8s ont constamment augment\u00e9 \u00e0 la suite des cyclones tropicaux, avec des pics survenant dans les deux premi\u00e8res semaines suivant l&rsquo;exposition, suivis d&rsquo;une diminution rapide.<\/p>\n<p>Au cours des deux premi\u00e8res semaines suivant l\u2019exposition aux cyclones tropicaux, les augmentations les plus \u00e9lev\u00e9es ont \u00e9t\u00e9 observ\u00e9es respectivement dans les d\u00e9c\u00e8s dus \u00e0 des maladies r\u00e9nales (92 %) et \u00e0 des blessures (21 %), pour chaque jour suppl\u00e9mentaire de cyclone tropical au cours d\u2019une semaine.<\/p>\n<p>Des risques relativement plus modestes ont \u00e9t\u00e9 observ\u00e9s pour les d\u00e9c\u00e8s dus au diab\u00e8te (15 %), aux troubles neuropsychiatriques (12 %), aux maladies infectieuses (11 %), aux maladies digestives (6 %), aux maladies respiratoires (4 %), aux maladies cardiovasculaires (2 %) et aux n\u00e9oplasmes (2 %).<\/p>\n<p>Ces r\u00e9sultats sont probablement dus \u00e0 une combinaison de services de sant\u00e9 essentiels perturb\u00e9s, d\u2019un acc\u00e8s limit\u00e9 aux m\u00e9dicaments et d\u2019un stress physique et psychologique accru, affirment les auteurs.<\/p>\n<p>Les risques de d\u00e9c\u00e8s \u00e9taient nettement plus \u00e9lev\u00e9s dans les communaut\u00e9s pr\u00e9sentant des niveaux de privation plus \u00e9lev\u00e9s et celles qui ont historiquement connu moins de cyclones tropicaux.<\/p>\n<p>Les pr\u00e9cipitations li\u00e9es aux cyclones tropicaux semblent \u00eatre plus fortement associ\u00e9es \u00e0 la mortalit\u00e9 qu&rsquo;\u00e0 la vitesse du vent, probablement en raison des inondations et de la contamination de l&rsquo;eau, ce qui sugg\u00e8re qu&rsquo;une plus grande importance devrait \u00eatre accord\u00e9e aux pr\u00e9cipitations dans les syst\u00e8mes d&rsquo;alerte pr\u00e9coce.<\/p>\n<p>Il s&rsquo;agit d&rsquo;une \u00e9tude observationnelle, aucune conclusion d\u00e9finitive ne peut donc \u00eatre tir\u00e9e sur la cause et l&rsquo;effet, et les chercheurs reconnaissent diverses limites \u00e0 leurs r\u00e9sultats, notamment une \u00e9ventuelle classification erron\u00e9e de l&rsquo;exposition et des incertitudes concernant la g\u00e9n\u00e9ralisabilit\u00e9 au-del\u00e0 des r\u00e9gions analys\u00e9es.<\/p>\n<p>Cependant, disent-ils, \u00ab\u00a0notre \u00e9tude fournit des preuves convaincantes et quantitatives des risques de mortalit\u00e9 particuli\u00e8rement \u00e9lev\u00e9s dus \u00e0 diverses causes suite aux cyclones tropicaux \u00e0 l&rsquo;\u00e9chelle de plusieurs pays.\u00a0\u00bb<\/p>\n<p>\u00ab\u00a0Dans l&rsquo;ensemble, il est urgent d&rsquo;int\u00e9grer davantage de preuves sur l&rsquo;\u00e9pid\u00e9miologie des cyclones tropicaux dans les strat\u00e9gies de r\u00e9ponse aux catastrophes afin de r\u00e9pondre aux risques croissants et \u00e0 l&rsquo;\u00e9volution de l&rsquo;activit\u00e9 des cyclones tropicaux dans un climat en r\u00e9chauffement\u00a0\u00bb, concluent-ils.<\/p>\n<p>\u00ab\u00a0Pris ensemble, ces r\u00e9sultats mettent en \u00e9vidence l&rsquo;importance cruciale des effets indirects des cyclones tropicaux sur la sant\u00e9, car bon nombre des conditions \u00e0 risque le plus \u00e9lev\u00e9 ne proviennent pas d&rsquo;un traumatisme imm\u00e9diat mais plut\u00f4t de syst\u00e8mes de sant\u00e9 perturb\u00e9s, d&rsquo;une contamination environnementale et d&rsquo;un stress prolong\u00e9\u00a0\u00bb, expliquent les chercheurs dans un \u00e9ditorial li\u00e9.<\/p>\n<p>Il est temps d\u2019agir, affirment-ils. Alors que les cyclones tropicaux s&rsquo;intensifient en raison du changement climatique, \u00ab nous devons traduire ces r\u00e9sultats de recherche en d\u00e9veloppant des politiques de sant\u00e9 sp\u00e9cifiques aux cyclones qui prot\u00e8gent les plus vuln\u00e9rables, renfor\u00e7ant ainsi la r\u00e9silience contre les impacts directs et indirects sur la sant\u00e9 de ces \u00e9v\u00e9nements d\u00e9vastateurs \u00bb.<\/p>\n<p>                                        <!-- print only --><\/p><\/div>\n","protected":false},"excerpt":{"rendered":"<p>Au-del\u00e0 des blessures directes, l&rsquo;exposition aux cyclones tropicaux est associ\u00e9e \u00e0 des risques de d\u00e9c\u00e8s<\/p>\n","protected":false},"author":1,"featured_media":11404,"comment_status":"closed","ping_status":"","sticky":false,"template":"","format":"standard","meta":{"footnotes":""},"categories":[86],"tags":[775,1902,90,7551,44,16,1098,349,3418,49,444,1605,6573,212,112,7552],"class_list":["post-11403","post","type-post","status-publish","format-standard","has-post-thumbnail","hentry","category-les-maladies","tag-climatique","tag-contexte","tag-contre","tag-cyclones","tag-dans","tag-des","tag-experts","tag-garde","tag-large","tag-les","tag-limpact","tag-mettent","tag-rechauffement","tag-sante","tag-sur","tag-tropicaux","generate-columns","tablet-grid-50","mobile-grid-100","grid-parent","grid-50","resize-featured-image"],"yoast_head":"<!-- This site is optimized with the Yoast SEO plugin v23.4 - https:\/\/yoast.com\/wordpress\/plugins\/seo\/ -->\n<title>Les experts mettent en garde contre l\u2019impact plus large des cyclones tropicaux sur la sant\u00e9 dans un contexte de r\u00e9chauffement climatique - RVH-Synergie.org<\/title>\n<meta name=\"robots\" content=\"index, follow, max-snippet:-1, max-image-preview:large, max-video-preview:-1\" \/>\n<link rel=\"canonical\" href=\"https:\/\/rvh-synergie.org\/actualites\/les-experts-mettent-en-garde-contre-limpact-plus-large-des-cyclones-tropicaux-sur-la-sante-dans-un-contexte-de-rechauffement-climatique\/\" \/>\n<meta property=\"og:locale\" content=\"fr_FR\" \/>\n<meta property=\"og:type\" content=\"article\" \/>\n<meta property=\"og:title\" content=\"Les experts mettent en garde contre l\u2019impact plus large des cyclones tropicaux sur la sant\u00e9 dans un contexte de r\u00e9chauffement climatique - RVH-Synergie.org\" \/>\n<meta property=\"og:description\" content=\"Au-del\u00e0 des blessures directes, l&rsquo;exposition aux cyclones tropicaux est associ\u00e9e \u00e0 des risques de d\u00e9c\u00e8s\" \/>\n<meta property=\"og:url\" content=\"https:\/\/rvh-synergie.org\/actualites\/les-experts-mettent-en-garde-contre-limpact-plus-large-des-cyclones-tropicaux-sur-la-sante-dans-un-contexte-de-rechauffement-climatique\/\" \/>\n<meta property=\"og:site_name\" content=\"RVH-Synergie\" \/>\n<meta property=\"article:published_time\" content=\"2025-11-05T23:44:56+00:00\" \/>\n<meta property=\"article:modified_time\" content=\"2025-11-05T23:44:59+00:00\" \/>\n<meta property=\"og:image\" content=\"https:\/\/rvh-synergie.org\/actualites\/wp-content\/uploads\/2025\/11\/1762386296_Les-experts-mettent-en-garde-contre-limpact-plus-large-des.jpg\" \/>\n\t<meta property=\"og:image:width\" content=\"1920\" \/>\n\t<meta property=\"og:image:height\" content=\"1269\" \/>\n\t<meta property=\"og:image:type\" content=\"image\/jpeg\" \/>\n<meta name=\"author\" content=\"Charles Martinez\" \/>\n<meta name=\"twitter:card\" content=\"summary_large_image\" \/>\n<meta name=\"twitter:label1\" content=\"\u00c9crit par\" \/>\n\t<meta name=\"twitter:data1\" content=\"Charles Martinez\" \/>\n\t<meta name=\"twitter:label2\" content=\"Dur\u00e9e de lecture estim\u00e9e\" \/>\n\t<meta name=\"twitter:data2\" content=\"4 minutes\" \/>\n<script type=\"application\/ld+json\" class=\"yoast-schema-graph\">{\"@context\":\"https:\/\/schema.org\",\"@graph\":[{\"@type\":\"Article\",\"@id\":\"https:\/\/rvh-synergie.org\/actualites\/les-experts-mettent-en-garde-contre-limpact-plus-large-des-cyclones-tropicaux-sur-la-sante-dans-un-contexte-de-rechauffement-climatique\/#article\",\"isPartOf\":{\"@id\":\"https:\/\/rvh-synergie.org\/actualites\/les-experts-mettent-en-garde-contre-limpact-plus-large-des-cyclones-tropicaux-sur-la-sante-dans-un-contexte-de-rechauffement-climatique\/\"},\"author\":{\"name\":\"Charles Martinez\",\"@id\":\"https:\/\/rvh-synergie.org\/actualites\/#\/schema\/person\/aa5ea98671fb4e8620f488a0795d2560\"},\"headline\":\"Les experts mettent en garde contre l\u2019impact plus large des cyclones tropicaux sur la sant\u00e9 dans un contexte de r\u00e9chauffement climatique\",\"datePublished\":\"2025-11-05T23:44:56+00:00\",\"dateModified\":\"2025-11-05T23:44:59+00:00\",\"mainEntityOfPage\":{\"@id\":\"https:\/\/rvh-synergie.org\/actualites\/les-experts-mettent-en-garde-contre-limpact-plus-large-des-cyclones-tropicaux-sur-la-sante-dans-un-contexte-de-rechauffement-climatique\/\"},\"wordCount\":856,\"publisher\":{\"@id\":\"https:\/\/rvh-synergie.org\/actualites\/#organization\"},\"image\":{\"@id\":\"https:\/\/rvh-synergie.org\/actualites\/les-experts-mettent-en-garde-contre-limpact-plus-large-des-cyclones-tropicaux-sur-la-sante-dans-un-contexte-de-rechauffement-climatique\/#primaryimage\"},\"thumbnailUrl\":\"https:\/\/rvh-synergie.org\/actualites\/wp-content\/uploads\/2025\/11\/1762386296_Les-experts-mettent-en-garde-contre-limpact-plus-large-des.jpg\",\"keywords\":[\"climatique\",\"contexte\",\"contre\",\"cyclones\",\"dans\",\"des\",\"experts\",\"garde\",\"large\",\"Les\",\"Limpact\",\"mettent\",\"r\u00e9chauffement\",\"sant\u00e9\",\"sur\",\"tropicaux\"],\"articleSection\":[\"Les maladies\"],\"inLanguage\":\"fr-FR\"},{\"@type\":\"WebPage\",\"@id\":\"https:\/\/rvh-synergie.org\/actualites\/les-experts-mettent-en-garde-contre-limpact-plus-large-des-cyclones-tropicaux-sur-la-sante-dans-un-contexte-de-rechauffement-climatique\/\",\"url\":\"https:\/\/rvh-synergie.org\/actualites\/les-experts-mettent-en-garde-contre-limpact-plus-large-des-cyclones-tropicaux-sur-la-sante-dans-un-contexte-de-rechauffement-climatique\/\",\"name\":\"Les experts mettent en garde contre l\u2019impact plus large des cyclones tropicaux sur la sant\u00e9 dans un contexte de r\u00e9chauffement climatique - RVH-Synergie.org\",\"isPartOf\":{\"@id\":\"https:\/\/rvh-synergie.org\/actualites\/#website\"},\"primaryImageOfPage\":{\"@id\":\"https:\/\/rvh-synergie.org\/actualites\/les-experts-mettent-en-garde-contre-limpact-plus-large-des-cyclones-tropicaux-sur-la-sante-dans-un-contexte-de-rechauffement-climatique\/#primaryimage\"},\"image\":{\"@id\":\"https:\/\/rvh-synergie.org\/actualites\/les-experts-mettent-en-garde-contre-limpact-plus-large-des-cyclones-tropicaux-sur-la-sante-dans-un-contexte-de-rechauffement-climatique\/#primaryimage\"},\"thumbnailUrl\":\"https:\/\/rvh-synergie.org\/actualites\/wp-content\/uploads\/2025\/11\/1762386296_Les-experts-mettent-en-garde-contre-limpact-plus-large-des.jpg\",\"datePublished\":\"2025-11-05T23:44:56+00:00\",\"dateModified\":\"2025-11-05T23:44:59+00:00\",\"breadcrumb\":{\"@id\":\"https:\/\/rvh-synergie.org\/actualites\/les-experts-mettent-en-garde-contre-limpact-plus-large-des-cyclones-tropicaux-sur-la-sante-dans-un-contexte-de-rechauffement-climatique\/#breadcrumb\"},\"inLanguage\":\"fr-FR\",\"potentialAction\":[{\"@type\":\"ReadAction\",\"target\":[\"https:\/\/rvh-synergie.org\/actualites\/les-experts-mettent-en-garde-contre-limpact-plus-large-des-cyclones-tropicaux-sur-la-sante-dans-un-contexte-de-rechauffement-climatique\/\"]}]},{\"@type\":\"ImageObject\",\"inLanguage\":\"fr-FR\",\"@id\":\"https:\/\/rvh-synergie.org\/actualites\/les-experts-mettent-en-garde-contre-limpact-plus-large-des-cyclones-tropicaux-sur-la-sante-dans-un-contexte-de-rechauffement-climatique\/#primaryimage\",\"url\":\"https:\/\/rvh-synergie.org\/actualites\/wp-content\/uploads\/2025\/11\/1762386296_Les-experts-mettent-en-garde-contre-limpact-plus-large-des.jpg\",\"contentUrl\":\"https:\/\/rvh-synergie.org\/actualites\/wp-content\/uploads\/2025\/11\/1762386296_Les-experts-mettent-en-garde-contre-limpact-plus-large-des.jpg\",\"width\":1920,\"height\":1269,\"caption\":\"Les experts mettent en garde contre l\u2019impact plus large des cyclones tropicaux sur la sant\u00e9 dans un contexte de r\u00e9chauffement climatique\"},{\"@type\":\"BreadcrumbList\",\"@id\":\"https:\/\/rvh-synergie.org\/actualites\/les-experts-mettent-en-garde-contre-limpact-plus-large-des-cyclones-tropicaux-sur-la-sante-dans-un-contexte-de-rechauffement-climatique\/#breadcrumb\",\"itemListElement\":[{\"@type\":\"ListItem\",\"position\":1,\"name\":\"Accueil\",\"item\":\"https:\/\/rvh-synergie.org\/actualites\/\"},{\"@type\":\"ListItem\",\"position\":2,\"name\":\"Les experts mettent en garde contre l\u2019impact plus large des cyclones tropicaux sur la sant\u00e9 dans un contexte de r\u00e9chauffement climatique\"}]},{\"@type\":\"WebSite\",\"@id\":\"https:\/\/rvh-synergie.org\/actualites\/#website\",\"url\":\"https:\/\/rvh-synergie.org\/actualites\/\",\"name\":\"RVH-Synergie.org\",\"description\":\"RVH-Synergie, site ind\u00e9pendant d&#039;informations sur la prise en charge des addictions.\",\"publisher\":{\"@id\":\"https:\/\/rvh-synergie.org\/actualites\/#organization\"},\"potentialAction\":[{\"@type\":\"SearchAction\",\"target\":{\"@type\":\"EntryPoint\",\"urlTemplate\":\"https:\/\/rvh-synergie.org\/actualites\/?s={search_term_string}\"},\"query-input\":{\"@type\":\"PropertyValueSpecification\",\"valueRequired\":true,\"valueName\":\"search_term_string\"}}],\"inLanguage\":\"fr-FR\"},{\"@type\":\"Organization\",\"@id\":\"https:\/\/rvh-synergie.org\/actualites\/#organization\",\"name\":\"RVH-Synergie.org\",\"url\":\"https:\/\/rvh-synergie.org\/actualites\/\",\"logo\":{\"@type\":\"ImageObject\",\"inLanguage\":\"fr-FR\",\"@id\":\"https:\/\/rvh-synergie.org\/actualites\/#\/schema\/logo\/image\/\",\"url\":\"https:\/\/rvh-synergie.org\/actualites\/wp-content\/uploads\/2024\/09\/favicon.png\",\"contentUrl\":\"https:\/\/rvh-synergie.org\/actualites\/wp-content\/uploads\/2024\/09\/favicon.png\",\"width\":512,\"height\":512,\"caption\":\"RVH-Synergie.org\"},\"image\":{\"@id\":\"https:\/\/rvh-synergie.org\/actualites\/#\/schema\/logo\/image\/\"}},{\"@type\":\"Person\",\"@id\":\"https:\/\/rvh-synergie.org\/actualites\/#\/schema\/person\/aa5ea98671fb4e8620f488a0795d2560\",\"name\":\"Charles Martinez\",\"image\":{\"@type\":\"ImageObject\",\"inLanguage\":\"fr-FR\",\"@id\":\"https:\/\/rvh-synergie.org\/actualites\/#\/schema\/person\/image\/\",\"url\":\"https:\/\/rvh-synergie.org\/actualites\/wp-content\/uploads\/2024\/09\/charles-martinez-scaled.jpg\",\"contentUrl\":\"https:\/\/rvh-synergie.org\/actualites\/wp-content\/uploads\/2024\/09\/charles-martinez-scaled.jpg\",\"caption\":\"Charles Martinez\"},\"description\":\"Bonjour, je m'appelle Charles Martinez, r\u00e9dacteur passionn\u00e9 pour le m\u00e9dia RVH-synergie.org, d\u00e9di\u00e9 aux addictions et aux maladies. Depuis plus de dix ans, j'explore et rapporte les histoires poignantes des individus confront\u00e9s \u00e0 ces d\u00e9fis, tout en sensibilisant le public aux traitements novateurs et aux progr\u00e8s scientifiques dans ce domaine. Mon engagement r\u00e9side dans l'espoir de cr\u00e9er une communaut\u00e9 inform\u00e9e et empathique, pr\u00eate \u00e0 soutenir ceux qui luttent contre ces \u00e9preuves.\",\"sameAs\":[\"https:\/\/rvh-synergie.org\/\"]}]}<\/script>\n<!-- \/ Yoast SEO plugin. -->","yoast_head_json":{"title":"Les experts mettent en garde contre l\u2019impact plus large des cyclones tropicaux sur la sant\u00e9 dans un contexte de r\u00e9chauffement climatique - RVH-Synergie.org","robots":{"index":"index","follow":"follow","max-snippet":"max-snippet:-1","max-image-preview":"max-image-preview:large","max-video-preview":"max-video-preview:-1"},"canonical":"https:\/\/rvh-synergie.org\/actualites\/les-experts-mettent-en-garde-contre-limpact-plus-large-des-cyclones-tropicaux-sur-la-sante-dans-un-contexte-de-rechauffement-climatique\/","og_locale":"fr_FR","og_type":"article","og_title":"Les experts mettent en garde contre l\u2019impact plus large des cyclones tropicaux sur la sant\u00e9 dans un contexte de r\u00e9chauffement climatique - RVH-Synergie.org","og_description":"Au-del\u00e0 des blessures directes, l&rsquo;exposition aux cyclones tropicaux est associ\u00e9e \u00e0 des risques de d\u00e9c\u00e8s","og_url":"https:\/\/rvh-synergie.org\/actualites\/les-experts-mettent-en-garde-contre-limpact-plus-large-des-cyclones-tropicaux-sur-la-sante-dans-un-contexte-de-rechauffement-climatique\/","og_site_name":"RVH-Synergie","article_published_time":"2025-11-05T23:44:56+00:00","article_modified_time":"2025-11-05T23:44:59+00:00","og_image":[{"width":1920,"height":1269,"url":"https:\/\/rvh-synergie.org\/actualites\/wp-content\/uploads\/2025\/11\/1762386296_Les-experts-mettent-en-garde-contre-limpact-plus-large-des.jpg","type":"image\/jpeg"}],"author":"Charles Martinez","twitter_card":"summary_large_image","twitter_misc":{"\u00c9crit par":"Charles Martinez","Dur\u00e9e de lecture estim\u00e9e":"4 minutes"},"schema":{"@context":"https:\/\/schema.org","@graph":[{"@type":"Article","@id":"https:\/\/rvh-synergie.org\/actualites\/les-experts-mettent-en-garde-contre-limpact-plus-large-des-cyclones-tropicaux-sur-la-sante-dans-un-contexte-de-rechauffement-climatique\/#article","isPartOf":{"@id":"https:\/\/rvh-synergie.org\/actualites\/les-experts-mettent-en-garde-contre-limpact-plus-large-des-cyclones-tropicaux-sur-la-sante-dans-un-contexte-de-rechauffement-climatique\/"},"author":{"name":"Charles Martinez","@id":"https:\/\/rvh-synergie.org\/actualites\/#\/schema\/person\/aa5ea98671fb4e8620f488a0795d2560"},"headline":"Les experts mettent en garde contre l\u2019impact plus large des cyclones tropicaux sur la sant\u00e9 dans un contexte de r\u00e9chauffement climatique","datePublished":"2025-11-05T23:44:56+00:00","dateModified":"2025-11-05T23:44:59+00:00","mainEntityOfPage":{"@id":"https:\/\/rvh-synergie.org\/actualites\/les-experts-mettent-en-garde-contre-limpact-plus-large-des-cyclones-tropicaux-sur-la-sante-dans-un-contexte-de-rechauffement-climatique\/"},"wordCount":856,"publisher":{"@id":"https:\/\/rvh-synergie.org\/actualites\/#organization"},"image":{"@id":"https:\/\/rvh-synergie.org\/actualites\/les-experts-mettent-en-garde-contre-limpact-plus-large-des-cyclones-tropicaux-sur-la-sante-dans-un-contexte-de-rechauffement-climatique\/#primaryimage"},"thumbnailUrl":"https:\/\/rvh-synergie.org\/actualites\/wp-content\/uploads\/2025\/11\/1762386296_Les-experts-mettent-en-garde-contre-limpact-plus-large-des.jpg","keywords":["climatique","contexte","contre","cyclones","dans","des","experts","garde","large","Les","Limpact","mettent","r\u00e9chauffement","sant\u00e9","sur","tropicaux"],"articleSection":["Les maladies"],"inLanguage":"fr-FR"},{"@type":"WebPage","@id":"https:\/\/rvh-synergie.org\/actualites\/les-experts-mettent-en-garde-contre-limpact-plus-large-des-cyclones-tropicaux-sur-la-sante-dans-un-contexte-de-rechauffement-climatique\/","url":"https:\/\/rvh-synergie.org\/actualites\/les-experts-mettent-en-garde-contre-limpact-plus-large-des-cyclones-tropicaux-sur-la-sante-dans-un-contexte-de-rechauffement-climatique\/","name":"Les experts mettent en garde contre l\u2019impact plus large des cyclones tropicaux sur la sant\u00e9 dans un contexte de r\u00e9chauffement climatique - RVH-Synergie.org","isPartOf":{"@id":"https:\/\/rvh-synergie.org\/actualites\/#website"},"primaryImageOfPage":{"@id":"https:\/\/rvh-synergie.org\/actualites\/les-experts-mettent-en-garde-contre-limpact-plus-large-des-cyclones-tropicaux-sur-la-sante-dans-un-contexte-de-rechauffement-climatique\/#primaryimage"},"image":{"@id":"https:\/\/rvh-synergie.org\/actualites\/les-experts-mettent-en-garde-contre-limpact-plus-large-des-cyclones-tropicaux-sur-la-sante-dans-un-contexte-de-rechauffement-climatique\/#primaryimage"},"thumbnailUrl":"https:\/\/rvh-synergie.org\/actualites\/wp-content\/uploads\/2025\/11\/1762386296_Les-experts-mettent-en-garde-contre-limpact-plus-large-des.jpg","datePublished":"2025-11-05T23:44:56+00:00","dateModified":"2025-11-05T23:44:59+00:00","breadcrumb":{"@id":"https:\/\/rvh-synergie.org\/actualites\/les-experts-mettent-en-garde-contre-limpact-plus-large-des-cyclones-tropicaux-sur-la-sante-dans-un-contexte-de-rechauffement-climatique\/#breadcrumb"},"inLanguage":"fr-FR","potentialAction":[{"@type":"ReadAction","target":["https:\/\/rvh-synergie.org\/actualites\/les-experts-mettent-en-garde-contre-limpact-plus-large-des-cyclones-tropicaux-sur-la-sante-dans-un-contexte-de-rechauffement-climatique\/"]}]},{"@type":"ImageObject","inLanguage":"fr-FR","@id":"https:\/\/rvh-synergie.org\/actualites\/les-experts-mettent-en-garde-contre-limpact-plus-large-des-cyclones-tropicaux-sur-la-sante-dans-un-contexte-de-rechauffement-climatique\/#primaryimage","url":"https:\/\/rvh-synergie.org\/actualites\/wp-content\/uploads\/2025\/11\/1762386296_Les-experts-mettent-en-garde-contre-limpact-plus-large-des.jpg","contentUrl":"https:\/\/rvh-synergie.org\/actualites\/wp-content\/uploads\/2025\/11\/1762386296_Les-experts-mettent-en-garde-contre-limpact-plus-large-des.jpg","width":1920,"height":1269,"caption":"Les experts mettent en garde contre l\u2019impact plus large des cyclones tropicaux sur la sant\u00e9 dans un contexte de r\u00e9chauffement climatique"},{"@type":"BreadcrumbList","@id":"https:\/\/rvh-synergie.org\/actualites\/les-experts-mettent-en-garde-contre-limpact-plus-large-des-cyclones-tropicaux-sur-la-sante-dans-un-contexte-de-rechauffement-climatique\/#breadcrumb","itemListElement":[{"@type":"ListItem","position":1,"name":"Accueil","item":"https:\/\/rvh-synergie.org\/actualites\/"},{"@type":"ListItem","position":2,"name":"Les experts mettent en garde contre l\u2019impact plus large des cyclones tropicaux sur la sant\u00e9 dans un contexte de r\u00e9chauffement climatique"}]},{"@type":"WebSite","@id":"https:\/\/rvh-synergie.org\/actualites\/#website","url":"https:\/\/rvh-synergie.org\/actualites\/","name":"RVH-Synergie.org","description":"RVH-Synergie, site ind\u00e9pendant d&#039;informations sur la prise en charge des addictions.","publisher":{"@id":"https:\/\/rvh-synergie.org\/actualites\/#organization"},"potentialAction":[{"@type":"SearchAction","target":{"@type":"EntryPoint","urlTemplate":"https:\/\/rvh-synergie.org\/actualites\/?s={search_term_string}"},"query-input":{"@type":"PropertyValueSpecification","valueRequired":true,"valueName":"search_term_string"}}],"inLanguage":"fr-FR"},{"@type":"Organization","@id":"https:\/\/rvh-synergie.org\/actualites\/#organization","name":"RVH-Synergie.org","url":"https:\/\/rvh-synergie.org\/actualites\/","logo":{"@type":"ImageObject","inLanguage":"fr-FR","@id":"https:\/\/rvh-synergie.org\/actualites\/#\/schema\/logo\/image\/","url":"https:\/\/rvh-synergie.org\/actualites\/wp-content\/uploads\/2024\/09\/favicon.png","contentUrl":"https:\/\/rvh-synergie.org\/actualites\/wp-content\/uploads\/2024\/09\/favicon.png","width":512,"height":512,"caption":"RVH-Synergie.org"},"image":{"@id":"https:\/\/rvh-synergie.org\/actualites\/#\/schema\/logo\/image\/"}},{"@type":"Person","@id":"https:\/\/rvh-synergie.org\/actualites\/#\/schema\/person\/aa5ea98671fb4e8620f488a0795d2560","name":"Charles Martinez","image":{"@type":"ImageObject","inLanguage":"fr-FR","@id":"https:\/\/rvh-synergie.org\/actualites\/#\/schema\/person\/image\/","url":"https:\/\/rvh-synergie.org\/actualites\/wp-content\/uploads\/2024\/09\/charles-martinez-scaled.jpg","contentUrl":"https:\/\/rvh-synergie.org\/actualites\/wp-content\/uploads\/2024\/09\/charles-martinez-scaled.jpg","caption":"Charles Martinez"},"description":"Bonjour, je m'appelle Charles Martinez, r\u00e9dacteur passionn\u00e9 pour le m\u00e9dia RVH-synergie.org, d\u00e9di\u00e9 aux addictions et aux maladies. Depuis plus de dix ans, j'explore et rapporte les histoires poignantes des individus confront\u00e9s \u00e0 ces d\u00e9fis, tout en sensibilisant le public aux traitements novateurs et aux progr\u00e8s scientifiques dans ce domaine. Mon engagement r\u00e9side dans l'espoir de cr\u00e9er une communaut\u00e9 inform\u00e9e et empathique, pr\u00eate \u00e0 soutenir ceux qui luttent contre ces \u00e9preuves.","sameAs":["https:\/\/rvh-synergie.org\/"]}]}},"_links":{"self":[{"href":"https:\/\/rvh-synergie.org\/actualites\/wp-json\/wp\/v2\/posts\/11403","targetHints":{"allow":["GET"]}}],"collection":[{"href":"https:\/\/rvh-synergie.org\/actualites\/wp-json\/wp\/v2\/posts"}],"about":[{"href":"https:\/\/rvh-synergie.org\/actualites\/wp-json\/wp\/v2\/types\/post"}],"author":[{"embeddable":true,"href":"https:\/\/rvh-synergie.org\/actualites\/wp-json\/wp\/v2\/users\/1"}],"replies":[{"embeddable":true,"href":"https:\/\/rvh-synergie.org\/actualites\/wp-json\/wp\/v2\/comments?post=11403"}],"version-history":[{"count":0,"href":"https:\/\/rvh-synergie.org\/actualites\/wp-json\/wp\/v2\/posts\/11403\/revisions"}],"wp:featuredmedia":[{"embeddable":true,"href":"https:\/\/rvh-synergie.org\/actualites\/wp-json\/wp\/v2\/media\/11404"}],"wp:attachment":[{"href":"https:\/\/rvh-synergie.org\/actualites\/wp-json\/wp\/v2\/media?parent=11403"}],"wp:term":[{"taxonomy":"category","embeddable":true,"href":"https:\/\/rvh-synergie.org\/actualites\/wp-json\/wp\/v2\/categories?post=11403"},{"taxonomy":"post_tag","embeddable":true,"href":"https:\/\/rvh-synergie.org\/actualites\/wp-json\/wp\/v2\/tags?post=11403"}],"curies":[{"name":"wp","href":"https:\/\/api.w.org\/{rel}","templated":true}]}}