{"id":11391,"date":"2025-11-05T20:42:32","date_gmt":"2025-11-05T19:42:32","guid":{"rendered":"https:\/\/rvh-synergie.org\/actualites\/comment-les-cheveux-gris-et-le-cancer-peuvent-etre-lies\/"},"modified":"2025-11-05T20:42:36","modified_gmt":"2025-11-05T19:42:36","slug":"comment-les-cheveux-gris-et-le-cancer-peuvent-etre-lies","status":"publish","type":"post","link":"https:\/\/rvh-synergie.org\/actualites\/comment-les-cheveux-gris-et-le-cancer-peuvent-etre-lies\/","title":{"rendered":"Comment les cheveux gris et le cancer peuvent \u00eatre li\u00e9s"},"content":{"rendered":"<div>\n<div class=\"article-gallery lightGallery\">\n<div data-thumb=\"https:\/\/scx1.b-cdn.net\/csz\/news\/tmb\/2020\/greyhair.jpg\" data-src=\"https:\/\/scx2.b-cdn.net\/gfx\/news\/hires\/2020\/greyhair.jpg\" data-sub-html=\"Credit: CC0 Public Domain\">\n<figure class=\"article-img\">\n<\/figure><\/div>\n<\/div>\n<p>Les cheveux gris sont une marque in\u00e9vitable du vieillissement. C&rsquo;est un rappel visuel des ann\u00e9es qui passent et de tous les changements corporels qui les accompagnent.<\/p>\n<p>Mais de nouvelles recherches scientifiques remettent en question ce r\u00e9cit simple : elles r\u00e9v\u00e8lent que ces m\u00e8ches argent\u00e9es sur notre t\u00eate pourraient \u00eatre un signe ext\u00e9rieur des d\u00e9fenses complexes de notre corps contre le cancer.<\/p>\n<p>Une \u00e9tude chez la souris a r\u00e9v\u00e9l\u00e9 les fa\u00e7ons remarquables dont notre corps g\u00e8re les dommages cellulaires, un processus cl\u00e9 \u00e0 la fois dans le vieillissement et dans le cancer. Avec le vieillissement, les dommages cellulaires s\u2019affaiblissent progressivement et perturbent la fonction cellulaire. Dans le cancer, des cellules non r\u00e9par\u00e9es ou d\u00e9fectueuses peuvent d\u00e9clencher une croissance anormale et la formation de tumeurs.<\/p>\n<p>Les travaux pr\u00e9sent\u00e9s ici ont mis en \u00e9vidence un lien surprenant entre la perte de pigment dans nos cheveux et les m\u00e9canismes qui peuvent \u00e9loigner les cancers mortels.<\/p>\n<p>Les cellules souches m\u00e9lanocytaires sont au c\u0153ur de cette d\u00e9couverte. Ces cellules r\u00e9sident profond\u00e9ment dans les follicules pileux et servent de r\u00e9servoir aux m\u00e9lanocytes, les cellules productrices de pigments responsables de la couleur des cheveux et de la peau.<\/p>\n<p>Dans des circonstances normales, nos cellules souches m\u00e9lanocytes reconstituent ces cellules productrices de pigments gr\u00e2ce \u00e0 une r\u00e9g\u00e9n\u00e9ration cyclique, un processus caract\u00e9ris\u00e9 par des phases r\u00e9p\u00e9t\u00e9es d&rsquo;activit\u00e9, de repos et de renouvellement en synchronisation avec les cycles naturels de croissance et de chute des cheveux. Cela garantit un approvisionnement constant en pigments et donc une couleur de cheveux \u00e9clatante tout au long de notre vie.<\/p>\n<p>Mais chaque jour, nos cellules subissent des agressions contre leur propre ADN (le mat\u00e9riel g\u00e9n\u00e9tique \u00e0 l\u2019int\u00e9rieur de nos cellules) provenant de sources telles que les rayons ultraviolets, l\u2019exposition \u00e0 des produits chimiques et m\u00eame notre propre processus de m\u00e9tabolisme cellulaire. Ces dommages cellulaires contribuent \u00e0 la fois au vieillissement et au risque de cancers, comme le m\u00e9lanome, un type de cancer de la peau.<\/p>\n<p>Cette nouvelle \u00e9tude met en lumi\u00e8re ce qui se produit lorsque les cellules souches m\u00e9lanocytaires situ\u00e9es au plus profond de la niche de soutien du follicule pileux subissent des dommages \u00e0 l&rsquo;ADN, en particulier un type de dommage appel\u00e9 cassures double brin.<\/p>\n<p>Lorsque cela se produit, les cellules souches m\u00e9lanocytes peuvent subir un processus appel\u00e9 \u00ab s\u00e9no-diff\u00e9renciation \u00bb. Essentiellement, cela signifie que les cellules souches m\u00fbrissent de mani\u00e8re irr\u00e9versible en cellules pigmentaires, puis disparaissent du pool de cellules souches, conduisant \u00e0 l\u2019apparition progressive de gris dans nos cheveux.<\/p>\n<p>Ce processus de protection est \u00e9troitement r\u00e9gul\u00e9 par des voies de signalisation internes qui permettent aux cellules de communiquer entre elles. En supprimant ces cellules matures de la population de cellules souches, cela emp\u00eache l\u2019accumulation et la propagation future \u00e9ventuelle de mutations g\u00e9n\u00e9tiques ou de modifications de l\u2019ADN susceptibles de favoriser le cancer.<\/p>\n<p>Dans un sens, chaque cheveu gris est une petite victoire du sacrifice corporel : une cellule choisissant de tirer sa r\u00e9v\u00e9rence plut\u00f4t que de risquer de devenir maligne.<\/p>\n<h2>Lien vers le cancer<\/h2>\n<p>L\u2019histoire ne s\u2019arr\u00eate cependant pas l\u00e0. Tous les dommages \u00e0 l\u2019ADN ne d\u00e9clenchent pas ce processus de protection. Dans leurs exp\u00e9riences, les chercheurs ont expos\u00e9 des cellules souches de m\u00e9lanocytes de souris \u00e0 de puissants produits chimiques canc\u00e9rig\u00e8nes ainsi qu&rsquo;\u00e0 des rayons UV. Remarquablement, sous ces facteurs de stress, les cellules souches m\u00e9lanocytes contournent compl\u00e8tement la s\u00e9no-diff\u00e9renciation.<\/p>\n<p>Au lieu de cela, les signaux provenant des tissus environnants ont en fait encourag\u00e9 les cellules endommag\u00e9es \u00e0 se renouveler et \u00e0 continuer de se diviser, malgr\u00e9 les dommages g\u00e9n\u00e9tiques. Cela a cr\u00e9\u00e9 un environnement cellulaire propice \u00e0 l\u2019\u00e9mergence du m\u00e9lanome.<\/p>\n<p>Cette recherche sugg\u00e8re que le sort des cellules souches m\u00e9lanocytes semble d\u00e9pendre \u00e0 la fois du type sp\u00e9cifique de dommages qu\u2019elles subissent et des signaux mol\u00e9culaires pr\u00e9sents dans leur microenvironnement. Les facteurs de stress tels que les produits chimiques ou la lumi\u00e8re UV, qui provoquent la rupture des brins d&rsquo;ADN des cellules, provoquent \u00e9galement l&rsquo;autodestruction par d\u00e9faut des cellules souches des m\u00e9lanocytes. Ce m\u00eame processus provoque des cheveux gris.<\/p>\n<p>Mais sous l\u2019influence des cellules canc\u00e9reuses, ces cellules souches m\u00e9lanocytaires endommag\u00e9es persistent, cr\u00e9ant des graines \u00e0 partir desquelles le m\u00e9lanome peut se d\u00e9velopper. Les scientifiques d\u00e9crivent cette dynamique comme des \u00ab destins antagonistes \u00bb, dans lesquels la m\u00eame population de cellules souches peut emprunter deux chemins radicalement diff\u00e9rents selon les circonstances.<\/p>\n<p>Il est important de noter que ces d\u00e9couvertes recadrent les cheveux gris et le m\u00e9lanome non pas comme des r\u00e9sultats sans rapport, mais comme des destins jumeaux de l&rsquo;ancienne lutte du corps pour \u00e9quilibrer le renouvellement des tissus et \u00e9viter le cancer. Le vieillissement n\u2019est pas en soi un bouclier contre le cancer, mais plut\u00f4t un sous-produit d\u2019un processus de protection qui \u00e9limine les cellules \u00e0 risque.<\/p>\n<p>\u00c0 l\u2019inverse, lorsque les m\u00e9canismes de contr\u00f4le \u00e9chouent ou sont pervertis par des agents canc\u00e9rig\u00e8nes, la porte reste ouverte \u00e0 la malignit\u00e9. Cette nouvelle compr\u00e9hension pourrait \u00e9galement contribuer \u00e0 expliquer pourquoi nous sommes plus susceptibles de d\u00e9velopper un cancer en vieillissant.<\/p>\n<p>Bien entendu, il est crucial de noter les limites de ces r\u00e9sultats. Une grande partie des preuves essentielles proviennent d\u2019exp\u00e9riences sur des souris. Cela signifie que des recherches doivent encore \u00eatre men\u00e9es chez l\u2019homme pour comprendre si nos cellules souches m\u00e9lanocytaires fonctionnent \u00e9galement de la m\u00eame mani\u00e8re. Les diff\u00e9rences biologiques entre les esp\u00e8ces, ainsi que la complexit\u00e9 des modes de vie humains et de la g\u00e9n\u00e9tique, signifient que le tableau de nos propres cheveux et du risque de cancer est nuanc\u00e9.<\/p>\n<p>Pourtant, ces d\u00e9couvertes ouvrent des perspectives passionnantes \u00e0 la fois pour la recherche sur le cancer et pour la science du vieillissement. Comprendre les signaux qui poussent les cellules souches vers une diff\u00e9renciation ou une expansion risqu\u00e9e pourrait un jour permettre \u00e0 des th\u00e9rapies de renforcer les protections naturelles de l&rsquo;organisme, r\u00e9duisant ainsi potentiellement le risque de cancer \u00e0 mesure que nous vieillissons.<\/p>\n<p>Il y a \u00e9galement des implications plus larges. Ces informations pourraient aider \u00e0 expliquer pourquoi certaines personnes d\u00e9veloppent un m\u00e9lanome m\u00eame sans avoir \u00e9t\u00e9 expos\u00e9es \u00e0 des facteurs de risque \u00e9vidents \u2013 et pourquoi les cancers et la d\u00e9g\u00e9n\u00e9rescence tissulaire vont si souvent de pair plus tard dans la vie.<\/p>\n<p>L\u2019histoire des cheveux gris n\u2019est pas seulement une question de vanit\u00e9 ou de marche in\u00e9vitable du temps. Il s&rsquo;agit d&rsquo;\u00e9volution, d&rsquo;adaptation et de vigilance incessante des gardiens internes de notre corps. Ces brins d&rsquo;argent nous disent peut-\u00eatre quelque chose de profond : au milieu de la comp\u00e9tition entre le vieillissement et le cancer, il vaut parfois la peine de sacrifier une cellule pigmentaire pour le bien de l&rsquo;organisme tout entier.<\/p>\n<p>                                        <!-- print only --><\/p><\/div>\n","protected":false},"excerpt":{"rendered":"<p>Les cheveux gris sont une marque in\u00e9vitable du vieillissement. C&rsquo;est un rappel visuel des ann\u00e9es<\/p>\n","protected":false},"author":1,"featured_media":11392,"comment_status":"closed","ping_status":"","sticky":false,"template":"","format":"standard","meta":{"footnotes":""},"categories":[86],"tags":[391,2751,182,204,7547,49,172,92],"class_list":["post-11391","post","type-post","status-publish","format-standard","has-post-thumbnail","hentry","category-les-maladies","tag-cancer","tag-cheveux","tag-comment","tag-etre","tag-gris","tag-les","tag-lies","tag-peuvent","generate-columns","tablet-grid-50","mobile-grid-100","grid-parent","grid-50","resize-featured-image"],"yoast_head":"<!-- This site is optimized with the Yoast SEO plugin v23.4 - https:\/\/yoast.com\/wordpress\/plugins\/seo\/ -->\n<title>Comment les cheveux gris et le cancer peuvent \u00eatre li\u00e9s - RVH-Synergie.org<\/title>\n<meta name=\"robots\" content=\"index, follow, max-snippet:-1, max-image-preview:large, max-video-preview:-1\" \/>\n<link rel=\"canonical\" href=\"https:\/\/rvh-synergie.org\/actualites\/comment-les-cheveux-gris-et-le-cancer-peuvent-etre-lies\/\" \/>\n<meta property=\"og:locale\" content=\"fr_FR\" \/>\n<meta property=\"og:type\" content=\"article\" \/>\n<meta property=\"og:title\" content=\"Comment les cheveux gris et le cancer peuvent \u00eatre li\u00e9s - RVH-Synergie.org\" \/>\n<meta property=\"og:description\" content=\"Les cheveux gris sont une marque in\u00e9vitable du vieillissement. C&rsquo;est un rappel visuel des ann\u00e9es\" \/>\n<meta property=\"og:url\" content=\"https:\/\/rvh-synergie.org\/actualites\/comment-les-cheveux-gris-et-le-cancer-peuvent-etre-lies\/\" \/>\n<meta property=\"og:site_name\" content=\"RVH-Synergie\" \/>\n<meta property=\"article:published_time\" content=\"2025-11-05T19:42:32+00:00\" \/>\n<meta property=\"article:modified_time\" content=\"2025-11-05T19:42:36+00:00\" \/>\n<meta property=\"og:image\" content=\"https:\/\/rvh-synergie.org\/actualites\/wp-content\/uploads\/2025\/11\/1762371753_Comment-les-cheveux-gris-et-le-cancer-peuvent-etre-lies.jpg\" \/>\n\t<meta property=\"og:image:width\" content=\"1920\" \/>\n\t<meta property=\"og:image:height\" content=\"1280\" \/>\n\t<meta property=\"og:image:type\" content=\"image\/jpeg\" \/>\n<meta name=\"author\" content=\"Charles Martinez\" \/>\n<meta name=\"twitter:card\" content=\"summary_large_image\" \/>\n<meta name=\"twitter:label1\" content=\"\u00c9crit par\" \/>\n\t<meta name=\"twitter:data1\" content=\"Charles Martinez\" \/>\n\t<meta name=\"twitter:label2\" content=\"Dur\u00e9e de lecture estim\u00e9e\" \/>\n\t<meta name=\"twitter:data2\" content=\"6 minutes\" \/>\n<script type=\"application\/ld+json\" class=\"yoast-schema-graph\">{\"@context\":\"https:\/\/schema.org\",\"@graph\":[{\"@type\":\"Article\",\"@id\":\"https:\/\/rvh-synergie.org\/actualites\/comment-les-cheveux-gris-et-le-cancer-peuvent-etre-lies\/#article\",\"isPartOf\":{\"@id\":\"https:\/\/rvh-synergie.org\/actualites\/comment-les-cheveux-gris-et-le-cancer-peuvent-etre-lies\/\"},\"author\":{\"name\":\"Charles Martinez\",\"@id\":\"https:\/\/rvh-synergie.org\/actualites\/#\/schema\/person\/aa5ea98671fb4e8620f488a0795d2560\"},\"headline\":\"Comment les cheveux gris et le cancer peuvent \u00eatre li\u00e9s\",\"datePublished\":\"2025-11-05T19:42:32+00:00\",\"dateModified\":\"2025-11-05T19:42:36+00:00\",\"mainEntityOfPage\":{\"@id\":\"https:\/\/rvh-synergie.org\/actualites\/comment-les-cheveux-gris-et-le-cancer-peuvent-etre-lies\/\"},\"wordCount\":1222,\"publisher\":{\"@id\":\"https:\/\/rvh-synergie.org\/actualites\/#organization\"},\"image\":{\"@id\":\"https:\/\/rvh-synergie.org\/actualites\/comment-les-cheveux-gris-et-le-cancer-peuvent-etre-lies\/#primaryimage\"},\"thumbnailUrl\":\"https:\/\/rvh-synergie.org\/actualites\/wp-content\/uploads\/2025\/11\/1762371753_Comment-les-cheveux-gris-et-le-cancer-peuvent-etre-lies.jpg\",\"keywords\":[\"cancer\",\"cheveux\",\"comment\",\"\u00eatre\",\"gris\",\"Les\",\"li\u00e9s\",\"peuvent\"],\"articleSection\":[\"Les maladies\"],\"inLanguage\":\"fr-FR\"},{\"@type\":\"WebPage\",\"@id\":\"https:\/\/rvh-synergie.org\/actualites\/comment-les-cheveux-gris-et-le-cancer-peuvent-etre-lies\/\",\"url\":\"https:\/\/rvh-synergie.org\/actualites\/comment-les-cheveux-gris-et-le-cancer-peuvent-etre-lies\/\",\"name\":\"Comment les cheveux gris et le cancer peuvent \u00eatre li\u00e9s - RVH-Synergie.org\",\"isPartOf\":{\"@id\":\"https:\/\/rvh-synergie.org\/actualites\/#website\"},\"primaryImageOfPage\":{\"@id\":\"https:\/\/rvh-synergie.org\/actualites\/comment-les-cheveux-gris-et-le-cancer-peuvent-etre-lies\/#primaryimage\"},\"image\":{\"@id\":\"https:\/\/rvh-synergie.org\/actualites\/comment-les-cheveux-gris-et-le-cancer-peuvent-etre-lies\/#primaryimage\"},\"thumbnailUrl\":\"https:\/\/rvh-synergie.org\/actualites\/wp-content\/uploads\/2025\/11\/1762371753_Comment-les-cheveux-gris-et-le-cancer-peuvent-etre-lies.jpg\",\"datePublished\":\"2025-11-05T19:42:32+00:00\",\"dateModified\":\"2025-11-05T19:42:36+00:00\",\"breadcrumb\":{\"@id\":\"https:\/\/rvh-synergie.org\/actualites\/comment-les-cheveux-gris-et-le-cancer-peuvent-etre-lies\/#breadcrumb\"},\"inLanguage\":\"fr-FR\",\"potentialAction\":[{\"@type\":\"ReadAction\",\"target\":[\"https:\/\/rvh-synergie.org\/actualites\/comment-les-cheveux-gris-et-le-cancer-peuvent-etre-lies\/\"]}]},{\"@type\":\"ImageObject\",\"inLanguage\":\"fr-FR\",\"@id\":\"https:\/\/rvh-synergie.org\/actualites\/comment-les-cheveux-gris-et-le-cancer-peuvent-etre-lies\/#primaryimage\",\"url\":\"https:\/\/rvh-synergie.org\/actualites\/wp-content\/uploads\/2025\/11\/1762371753_Comment-les-cheveux-gris-et-le-cancer-peuvent-etre-lies.jpg\",\"contentUrl\":\"https:\/\/rvh-synergie.org\/actualites\/wp-content\/uploads\/2025\/11\/1762371753_Comment-les-cheveux-gris-et-le-cancer-peuvent-etre-lies.jpg\",\"width\":1920,\"height\":1280,\"caption\":\"Comment les cheveux gris et le cancer peuvent \u00eatre li\u00e9s\"},{\"@type\":\"BreadcrumbList\",\"@id\":\"https:\/\/rvh-synergie.org\/actualites\/comment-les-cheveux-gris-et-le-cancer-peuvent-etre-lies\/#breadcrumb\",\"itemListElement\":[{\"@type\":\"ListItem\",\"position\":1,\"name\":\"Accueil\",\"item\":\"https:\/\/rvh-synergie.org\/actualites\/\"},{\"@type\":\"ListItem\",\"position\":2,\"name\":\"Comment les cheveux gris et le cancer peuvent \u00eatre li\u00e9s\"}]},{\"@type\":\"WebSite\",\"@id\":\"https:\/\/rvh-synergie.org\/actualites\/#website\",\"url\":\"https:\/\/rvh-synergie.org\/actualites\/\",\"name\":\"RVH-Synergie.org\",\"description\":\"RVH-Synergie, site ind\u00e9pendant d&#039;informations sur la prise en charge des addictions.\",\"publisher\":{\"@id\":\"https:\/\/rvh-synergie.org\/actualites\/#organization\"},\"potentialAction\":[{\"@type\":\"SearchAction\",\"target\":{\"@type\":\"EntryPoint\",\"urlTemplate\":\"https:\/\/rvh-synergie.org\/actualites\/?s={search_term_string}\"},\"query-input\":{\"@type\":\"PropertyValueSpecification\",\"valueRequired\":true,\"valueName\":\"search_term_string\"}}],\"inLanguage\":\"fr-FR\"},{\"@type\":\"Organization\",\"@id\":\"https:\/\/rvh-synergie.org\/actualites\/#organization\",\"name\":\"RVH-Synergie.org\",\"url\":\"https:\/\/rvh-synergie.org\/actualites\/\",\"logo\":{\"@type\":\"ImageObject\",\"inLanguage\":\"fr-FR\",\"@id\":\"https:\/\/rvh-synergie.org\/actualites\/#\/schema\/logo\/image\/\",\"url\":\"https:\/\/rvh-synergie.org\/actualites\/wp-content\/uploads\/2024\/09\/favicon.png\",\"contentUrl\":\"https:\/\/rvh-synergie.org\/actualites\/wp-content\/uploads\/2024\/09\/favicon.png\",\"width\":512,\"height\":512,\"caption\":\"RVH-Synergie.org\"},\"image\":{\"@id\":\"https:\/\/rvh-synergie.org\/actualites\/#\/schema\/logo\/image\/\"}},{\"@type\":\"Person\",\"@id\":\"https:\/\/rvh-synergie.org\/actualites\/#\/schema\/person\/aa5ea98671fb4e8620f488a0795d2560\",\"name\":\"Charles Martinez\",\"image\":{\"@type\":\"ImageObject\",\"inLanguage\":\"fr-FR\",\"@id\":\"https:\/\/rvh-synergie.org\/actualites\/#\/schema\/person\/image\/\",\"url\":\"https:\/\/rvh-synergie.org\/actualites\/wp-content\/uploads\/2024\/09\/charles-martinez-scaled.jpg\",\"contentUrl\":\"https:\/\/rvh-synergie.org\/actualites\/wp-content\/uploads\/2024\/09\/charles-martinez-scaled.jpg\",\"caption\":\"Charles Martinez\"},\"description\":\"Bonjour, je m'appelle Charles Martinez, r\u00e9dacteur passionn\u00e9 pour le m\u00e9dia RVH-synergie.org, d\u00e9di\u00e9 aux addictions et aux maladies. Depuis plus de dix ans, j'explore et rapporte les histoires poignantes des individus confront\u00e9s \u00e0 ces d\u00e9fis, tout en sensibilisant le public aux traitements novateurs et aux progr\u00e8s scientifiques dans ce domaine. Mon engagement r\u00e9side dans l'espoir de cr\u00e9er une communaut\u00e9 inform\u00e9e et empathique, pr\u00eate \u00e0 soutenir ceux qui luttent contre ces \u00e9preuves.\",\"sameAs\":[\"https:\/\/rvh-synergie.org\/\"]}]}<\/script>\n<!-- \/ Yoast SEO plugin. -->","yoast_head_json":{"title":"Comment les cheveux gris et le cancer peuvent \u00eatre li\u00e9s - RVH-Synergie.org","robots":{"index":"index","follow":"follow","max-snippet":"max-snippet:-1","max-image-preview":"max-image-preview:large","max-video-preview":"max-video-preview:-1"},"canonical":"https:\/\/rvh-synergie.org\/actualites\/comment-les-cheveux-gris-et-le-cancer-peuvent-etre-lies\/","og_locale":"fr_FR","og_type":"article","og_title":"Comment les cheveux gris et le cancer peuvent \u00eatre li\u00e9s - RVH-Synergie.org","og_description":"Les cheveux gris sont une marque in\u00e9vitable du vieillissement. C&rsquo;est un rappel visuel des ann\u00e9es","og_url":"https:\/\/rvh-synergie.org\/actualites\/comment-les-cheveux-gris-et-le-cancer-peuvent-etre-lies\/","og_site_name":"RVH-Synergie","article_published_time":"2025-11-05T19:42:32+00:00","article_modified_time":"2025-11-05T19:42:36+00:00","og_image":[{"width":1920,"height":1280,"url":"https:\/\/rvh-synergie.org\/actualites\/wp-content\/uploads\/2025\/11\/1762371753_Comment-les-cheveux-gris-et-le-cancer-peuvent-etre-lies.jpg","type":"image\/jpeg"}],"author":"Charles Martinez","twitter_card":"summary_large_image","twitter_misc":{"\u00c9crit par":"Charles Martinez","Dur\u00e9e de lecture estim\u00e9e":"6 minutes"},"schema":{"@context":"https:\/\/schema.org","@graph":[{"@type":"Article","@id":"https:\/\/rvh-synergie.org\/actualites\/comment-les-cheveux-gris-et-le-cancer-peuvent-etre-lies\/#article","isPartOf":{"@id":"https:\/\/rvh-synergie.org\/actualites\/comment-les-cheveux-gris-et-le-cancer-peuvent-etre-lies\/"},"author":{"name":"Charles Martinez","@id":"https:\/\/rvh-synergie.org\/actualites\/#\/schema\/person\/aa5ea98671fb4e8620f488a0795d2560"},"headline":"Comment les cheveux gris et le cancer peuvent \u00eatre li\u00e9s","datePublished":"2025-11-05T19:42:32+00:00","dateModified":"2025-11-05T19:42:36+00:00","mainEntityOfPage":{"@id":"https:\/\/rvh-synergie.org\/actualites\/comment-les-cheveux-gris-et-le-cancer-peuvent-etre-lies\/"},"wordCount":1222,"publisher":{"@id":"https:\/\/rvh-synergie.org\/actualites\/#organization"},"image":{"@id":"https:\/\/rvh-synergie.org\/actualites\/comment-les-cheveux-gris-et-le-cancer-peuvent-etre-lies\/#primaryimage"},"thumbnailUrl":"https:\/\/rvh-synergie.org\/actualites\/wp-content\/uploads\/2025\/11\/1762371753_Comment-les-cheveux-gris-et-le-cancer-peuvent-etre-lies.jpg","keywords":["cancer","cheveux","comment","\u00eatre","gris","Les","li\u00e9s","peuvent"],"articleSection":["Les maladies"],"inLanguage":"fr-FR"},{"@type":"WebPage","@id":"https:\/\/rvh-synergie.org\/actualites\/comment-les-cheveux-gris-et-le-cancer-peuvent-etre-lies\/","url":"https:\/\/rvh-synergie.org\/actualites\/comment-les-cheveux-gris-et-le-cancer-peuvent-etre-lies\/","name":"Comment les cheveux gris et le cancer peuvent \u00eatre li\u00e9s - RVH-Synergie.org","isPartOf":{"@id":"https:\/\/rvh-synergie.org\/actualites\/#website"},"primaryImageOfPage":{"@id":"https:\/\/rvh-synergie.org\/actualites\/comment-les-cheveux-gris-et-le-cancer-peuvent-etre-lies\/#primaryimage"},"image":{"@id":"https:\/\/rvh-synergie.org\/actualites\/comment-les-cheveux-gris-et-le-cancer-peuvent-etre-lies\/#primaryimage"},"thumbnailUrl":"https:\/\/rvh-synergie.org\/actualites\/wp-content\/uploads\/2025\/11\/1762371753_Comment-les-cheveux-gris-et-le-cancer-peuvent-etre-lies.jpg","datePublished":"2025-11-05T19:42:32+00:00","dateModified":"2025-11-05T19:42:36+00:00","breadcrumb":{"@id":"https:\/\/rvh-synergie.org\/actualites\/comment-les-cheveux-gris-et-le-cancer-peuvent-etre-lies\/#breadcrumb"},"inLanguage":"fr-FR","potentialAction":[{"@type":"ReadAction","target":["https:\/\/rvh-synergie.org\/actualites\/comment-les-cheveux-gris-et-le-cancer-peuvent-etre-lies\/"]}]},{"@type":"ImageObject","inLanguage":"fr-FR","@id":"https:\/\/rvh-synergie.org\/actualites\/comment-les-cheveux-gris-et-le-cancer-peuvent-etre-lies\/#primaryimage","url":"https:\/\/rvh-synergie.org\/actualites\/wp-content\/uploads\/2025\/11\/1762371753_Comment-les-cheveux-gris-et-le-cancer-peuvent-etre-lies.jpg","contentUrl":"https:\/\/rvh-synergie.org\/actualites\/wp-content\/uploads\/2025\/11\/1762371753_Comment-les-cheveux-gris-et-le-cancer-peuvent-etre-lies.jpg","width":1920,"height":1280,"caption":"Comment les cheveux gris et le cancer peuvent \u00eatre li\u00e9s"},{"@type":"BreadcrumbList","@id":"https:\/\/rvh-synergie.org\/actualites\/comment-les-cheveux-gris-et-le-cancer-peuvent-etre-lies\/#breadcrumb","itemListElement":[{"@type":"ListItem","position":1,"name":"Accueil","item":"https:\/\/rvh-synergie.org\/actualites\/"},{"@type":"ListItem","position":2,"name":"Comment les cheveux gris et le cancer peuvent \u00eatre li\u00e9s"}]},{"@type":"WebSite","@id":"https:\/\/rvh-synergie.org\/actualites\/#website","url":"https:\/\/rvh-synergie.org\/actualites\/","name":"RVH-Synergie.org","description":"RVH-Synergie, site ind\u00e9pendant d&#039;informations sur la prise en charge des addictions.","publisher":{"@id":"https:\/\/rvh-synergie.org\/actualites\/#organization"},"potentialAction":[{"@type":"SearchAction","target":{"@type":"EntryPoint","urlTemplate":"https:\/\/rvh-synergie.org\/actualites\/?s={search_term_string}"},"query-input":{"@type":"PropertyValueSpecification","valueRequired":true,"valueName":"search_term_string"}}],"inLanguage":"fr-FR"},{"@type":"Organization","@id":"https:\/\/rvh-synergie.org\/actualites\/#organization","name":"RVH-Synergie.org","url":"https:\/\/rvh-synergie.org\/actualites\/","logo":{"@type":"ImageObject","inLanguage":"fr-FR","@id":"https:\/\/rvh-synergie.org\/actualites\/#\/schema\/logo\/image\/","url":"https:\/\/rvh-synergie.org\/actualites\/wp-content\/uploads\/2024\/09\/favicon.png","contentUrl":"https:\/\/rvh-synergie.org\/actualites\/wp-content\/uploads\/2024\/09\/favicon.png","width":512,"height":512,"caption":"RVH-Synergie.org"},"image":{"@id":"https:\/\/rvh-synergie.org\/actualites\/#\/schema\/logo\/image\/"}},{"@type":"Person","@id":"https:\/\/rvh-synergie.org\/actualites\/#\/schema\/person\/aa5ea98671fb4e8620f488a0795d2560","name":"Charles Martinez","image":{"@type":"ImageObject","inLanguage":"fr-FR","@id":"https:\/\/rvh-synergie.org\/actualites\/#\/schema\/person\/image\/","url":"https:\/\/rvh-synergie.org\/actualites\/wp-content\/uploads\/2024\/09\/charles-martinez-scaled.jpg","contentUrl":"https:\/\/rvh-synergie.org\/actualites\/wp-content\/uploads\/2024\/09\/charles-martinez-scaled.jpg","caption":"Charles Martinez"},"description":"Bonjour, je m'appelle Charles Martinez, r\u00e9dacteur passionn\u00e9 pour le m\u00e9dia RVH-synergie.org, d\u00e9di\u00e9 aux addictions et aux maladies. Depuis plus de dix ans, j'explore et rapporte les histoires poignantes des individus confront\u00e9s \u00e0 ces d\u00e9fis, tout en sensibilisant le public aux traitements novateurs et aux progr\u00e8s scientifiques dans ce domaine. Mon engagement r\u00e9side dans l'espoir de cr\u00e9er une communaut\u00e9 inform\u00e9e et empathique, pr\u00eate \u00e0 soutenir ceux qui luttent contre ces \u00e9preuves.","sameAs":["https:\/\/rvh-synergie.org\/"]}]}},"_links":{"self":[{"href":"https:\/\/rvh-synergie.org\/actualites\/wp-json\/wp\/v2\/posts\/11391","targetHints":{"allow":["GET"]}}],"collection":[{"href":"https:\/\/rvh-synergie.org\/actualites\/wp-json\/wp\/v2\/posts"}],"about":[{"href":"https:\/\/rvh-synergie.org\/actualites\/wp-json\/wp\/v2\/types\/post"}],"author":[{"embeddable":true,"href":"https:\/\/rvh-synergie.org\/actualites\/wp-json\/wp\/v2\/users\/1"}],"replies":[{"embeddable":true,"href":"https:\/\/rvh-synergie.org\/actualites\/wp-json\/wp\/v2\/comments?post=11391"}],"version-history":[{"count":0,"href":"https:\/\/rvh-synergie.org\/actualites\/wp-json\/wp\/v2\/posts\/11391\/revisions"}],"wp:featuredmedia":[{"embeddable":true,"href":"https:\/\/rvh-synergie.org\/actualites\/wp-json\/wp\/v2\/media\/11392"}],"wp:attachment":[{"href":"https:\/\/rvh-synergie.org\/actualites\/wp-json\/wp\/v2\/media?parent=11391"}],"wp:term":[{"taxonomy":"category","embeddable":true,"href":"https:\/\/rvh-synergie.org\/actualites\/wp-json\/wp\/v2\/categories?post=11391"},{"taxonomy":"post_tag","embeddable":true,"href":"https:\/\/rvh-synergie.org\/actualites\/wp-json\/wp\/v2\/tags?post=11391"}],"curies":[{"name":"wp","href":"https:\/\/api.w.org\/{rel}","templated":true}]}}